{"id":323248,"date":"2025-08-16T16:52:11","date_gmt":"2025-08-16T16:52:11","guid":{"rendered":"https:\/\/www.europesays.com\/fr\/323248\/"},"modified":"2025-08-16T16:52:11","modified_gmt":"2025-08-16T16:52:11","slug":"les-verts-battent-grenoble-en-amical","status":"publish","type":"post","link":"https:\/\/www.europesays.com\/fr\/323248\/","title":{"rendered":"Les Verts battent Grenoble en amical"},"content":{"rendered":"<p><strong>La r\u00e9serve de l&rsquo;ASSE retrouvait les terrains ce samedi pour y affronter la r\u00e9serve du Grenoble Foot 38. L&rsquo;occasion pour les joueurs de Sylvain Gibert de poursuivre leur bon d\u00e9but de pr\u00e9paration qui se terminera avec l&rsquo;ouverture du championnat le weekend du 24 ao\u00fbt. Apr\u00e8s un nul contre Blois (2-2), une victoire contre Andr\u00e9zieux (<a href=\"https:\/\/peuple-vert.fr\/asse-actualite\/asse-andrezieux-amical-n3\/\" target=\"_blank\" rel=\"noopener nofollow\">2-1<\/a>) et Auxerre (4-1) ainsi qu&rsquo;une <a href=\"https:\/\/www.asse.fr\/fr\/actualites\/les-verts-defaits-en-finale-du-tournoi-europeen-u21-de-ploufragan-ac38974\" target=\"_blank\" rel=\"noopener nofollow\">place de finaliste \u00e0 Ploufragan<\/a>, voici le r\u00e9sum\u00e9 de la rencontre de ce jour.<\/strong><\/p>\n<p>Avec en ligne de mire la r\u00e9ception de Cosne UCS pour la premi\u00e8re journ\u00e9e de championnat, l&rsquo;ASSE continue de trouver les automatismes et de d\u00e9velopper son collectif. Avec des d\u00e9buts prometteurs, le staff compte bien continuer sur ce chemin pour arriver le plus arm\u00e9 possible dans 10 jours.<\/p>\n<p>La compo de l&rsquo;ASSE<\/p>\n<p><strong>XI de d\u00e9part : <\/strong>Delacroix &#8211; Stojokovic, Dodote, Makhloufi, Traore &#8211; Mouton, Depalle, Fall, Bentiba &#8211; Othman, Cheikh<\/p>\n<p>R\u00e9sum\u00e9 de la rencontre<\/p>\n<p data-start=\"442\" data-end=\"952\">D\u2019entr\u00e9e, les Verts se montrent dangereux : Cheikh, Othman et Bentiba obtiennent chacun une occasion nette sans parvenir \u00e0 conclure. En face, Grenoble se montre r\u00e9aliste. Sur un centre en retrait, l\u2019attaquant is\u00e9rois ajuste Delacroix d\u2019un plat du pied imparable. Malgr\u00e9 un arr\u00eat d\u00e9cisif du gardien st\u00e9phanois en d\u00e9but de match, les locaux m\u00e8nent \u00e0 la pause (1-0).<\/p>\n<p>Stojkovic en vue pour sa premi\u00e8re<\/p>\n<p data-start=\"994\" data-end=\"1356\">\u00c0 noter la premi\u00e8re apparition sous le maillot st\u00e9phanois de Strahinja Stojkovic, nouvelle recrue serbe. Align\u00e9 au poste de lat\u00e9ral droit, il a affich\u00e9 un gros volume de jeu et un r\u00e9el apport offensif. S\u2019il a commis quelques impr\u00e9cisions techniques dans ses passes, il a montr\u00e9 des qualit\u00e9s prometteuses avant de c\u00e9der sa place \u00e0 Pedro en deuxi\u00e8me p\u00e9riode.<\/p>\n<p>Les Verts renversent le score apr\u00e8s la pause<\/p>\n<p data-start=\"1409\" data-end=\"1811\">Au retour des vestiaires, les St\u00e9phanois haussent le ton. Othman, particuli\u00e8rement en vue, trouve la transversale. L\u2019\u00e9galisation arrive en fin de rencontre gr\u00e2ce \u00e0 Fall, qui profite d\u2019une erreur de relance grenobloise pour lober le gardien (1-1).<br data-start=\"1649\" data-end=\"1652\"\/>La dynamique est alors verte. Sur une frappe de Mimoun repouss\u00e9e par le portier is\u00e9rois, Othman suit parfaitement et inscrit le but de la victoire (2-1).<\/p>\n<p>Cette rencontre \u00e9tait une derni\u00e8re r\u00e9p\u00e9tition avant le d\u00e9but des comp\u00e9titions officielles. Pour rappel, les premi\u00e8res semaines sont souvent entrecoup\u00e9es avec la participation des autres \u00e9quipes \u00e0 la Coupe de France !<\/p>\n<p>Cr\u00e9dit photo : asse.fr<\/p>\n","protected":false},"excerpt":{"rendered":"La r\u00e9serve de l&rsquo;ASSE retrouvait les terrains ce samedi pour y affronter la r\u00e9serve du Grenoble Foot 38.&hellip;\n","protected":false},"author":2,"featured_media":323249,"comment_status":"","ping_status":"","sticky":false,"template":"","format":"standard","meta":{"footnotes":""},"categories":[9566],"tags":[1111,11,2430,1777,674,1011,27,2731,12,25],"class_list":{"0":"post-323248","1":"post","2":"type-post","3":"status-publish","4":"format-standard","5":"has-post-thumbnail","7":"category-grenoble","8":"tag-actu","9":"tag-actualites","10":"tag-auvergne-rhone-alpes","11":"tag-eu","12":"tag-europe","13":"tag-fr","14":"tag-france","15":"tag-grenoble","16":"tag-news","17":"tag-republique-francaise"},"share_on_mastodon":{"url":"https:\/\/pubeurope.com\/@fr\/115039485551581710","error":""},"_links":{"self":[{"href":"https:\/\/www.europesays.com\/fr\/wp-json\/wp\/v2\/posts\/323248","targetHints":{"allow":["GET"]}}],"collection":[{"href":"https:\/\/www.europesays.com\/fr\/wp-json\/wp\/v2\/posts"}],"about":[{"href":"https:\/\/www.europesays.com\/fr\/wp-json\/wp\/v2\/types\/post"}],"author":[{"embeddable":true,"href":"https:\/\/www.europesays.com\/fr\/wp-json\/wp\/v2\/users\/2"}],"replies":[{"embeddable":true,"href":"https:\/\/www.europesays.com\/fr\/wp-json\/wp\/v2\/comments?post=323248"}],"version-history":[{"count":0,"href":"https:\/\/www.europesays.com\/fr\/wp-json\/wp\/v2\/posts\/323248\/revisions"}],"wp:featuredmedia":[{"embeddable":true,"href":"https:\/\/www.europesays.com\/fr\/wp-json\/wp\/v2\/media\/323249"}],"wp:attachment":[{"href":"https:\/\/www.europesays.com\/fr\/wp-json\/wp\/v2\/media?parent=323248"}],"wp:term":[{"taxonomy":"category","embeddable":true,"href":"https:\/\/www.europesays.com\/fr\/wp-json\/wp\/v2\/categories?post=323248"},{"taxonomy":"post_tag","embeddable":true,"href":"https:\/\/www.europesays.com\/fr\/wp-json\/wp\/v2\/tags?post=323248"}],"curies":[{"name":"wp","href":"https:\/\/api.w.org\/{rel}","templated":true}]}}