{"id":323250,"date":"2025-08-16T16:53:09","date_gmt":"2025-08-16T16:53:09","guid":{"rendered":"https:\/\/www.europesays.com\/fr\/323250\/"},"modified":"2025-08-16T16:53:09","modified_gmt":"2025-08-16T16:53:09","slug":"un-incendie-se-declenche-la-foret-de-cette-commune-dille-et-vilaine-5-000-m2-sont-partis-en-fumee","status":"publish","type":"post","link":"https:\/\/www.europesays.com\/fr\/323250\/","title":{"rendered":"Un incendie se d\u00e9clenche la for\u00eat de cette commune d\u2019Ille-et-Vilaine\u00a0: \u00ab\u00a05\u00a0000 m2 sont partis en fum\u00e9e\u00a0\u00bb"},"content":{"rendered":"<p>Ce samedi 16 ao\u00fbt, les sapeurs-pompiers ont \u00e9t\u00e9 alert\u00e9s vers 14 h 20 pour un incendie dans la for\u00eat de <a href=\"https:\/\/www.letelegramme.fr\/economie\/cette-entreprise-finisterienne-sancre-en-ille-et-vilaine-avec-un-nouvel-entrepot-logistique-6841378.php\" target=\"_blank\" rel=\"nofollow noopener\">Pl\u00e9lan-le-Grand<\/a>, en Ille-et-Vilaine. Sur place, 41 pompiers sont mobilis\u00e9s ainsi qu\u2019une dizaine de v\u00e9hicules, afin de circonscrire le feu le plus rapidement possible.<\/p>\n<p>Des arbres partis en fum\u00e9e<\/p>\n<p>L\u2019incendie a pu \u00eatre ma\u00eetris\u00e9 rapidement, quelques heures apr\u00e8s l\u2019intervention. Si plusieurs hectares \u00e9taient menac\u00e9s, \u00ab 5 000 m2 sont partis en fum\u00e9e \u00bb, pr\u00e9cisent les pompiers.<\/p>\n<p>L\u2019origine reste pour l\u2019instant inconnue.<\/p>\n","protected":false},"excerpt":{"rendered":"Ce samedi 16 ao\u00fbt, les sapeurs-pompiers ont \u00e9t\u00e9 alert\u00e9s vers 14 h 20 pour un incendie dans la&hellip;\n","protected":false},"author":2,"featured_media":323251,"comment_status":"","ping_status":"","sticky":false,"template":"","format":"standard","meta":{"footnotes":""},"categories":[2821],"tags":[1111,11,829,1777,674,3383,1011,27,848,12,584,25],"class_list":{"0":"post-323250","1":"post","2":"type-post","3":"status-publish","4":"format-standard","5":"has-post-thumbnail","7":"category-rennes","8":"tag-actu","9":"tag-actualites","10":"tag-bretagne","11":"tag-eu","12":"tag-europe","13":"tag-faits-divers-a-rennes","14":"tag-fr","15":"tag-france","16":"tag-ille-et-vilaine","17":"tag-news","18":"tag-rennes","19":"tag-republique-francaise"},"share_on_mastodon":{"url":"https:\/\/pubeurope.com\/@fr\/115039489680454002","error":""},"_links":{"self":[{"href":"https:\/\/www.europesays.com\/fr\/wp-json\/wp\/v2\/posts\/323250","targetHints":{"allow":["GET"]}}],"collection":[{"href":"https:\/\/www.europesays.com\/fr\/wp-json\/wp\/v2\/posts"}],"about":[{"href":"https:\/\/www.europesays.com\/fr\/wp-json\/wp\/v2\/types\/post"}],"author":[{"embeddable":true,"href":"https:\/\/www.europesays.com\/fr\/wp-json\/wp\/v2\/users\/2"}],"replies":[{"embeddable":true,"href":"https:\/\/www.europesays.com\/fr\/wp-json\/wp\/v2\/comments?post=323250"}],"version-history":[{"count":0,"href":"https:\/\/www.europesays.com\/fr\/wp-json\/wp\/v2\/posts\/323250\/revisions"}],"wp:featuredmedia":[{"embeddable":true,"href":"https:\/\/www.europesays.com\/fr\/wp-json\/wp\/v2\/media\/323251"}],"wp:attachment":[{"href":"https:\/\/www.europesays.com\/fr\/wp-json\/wp\/v2\/media?parent=323250"}],"wp:term":[{"taxonomy":"category","embeddable":true,"href":"https:\/\/www.europesays.com\/fr\/wp-json\/wp\/v2\/categories?post=323250"},{"taxonomy":"post_tag","embeddable":true,"href":"https:\/\/www.europesays.com\/fr\/wp-json\/wp\/v2\/tags?post=323250"}],"curies":[{"name":"wp","href":"https:\/\/api.w.org\/{rel}","templated":true}]}}