{"id":323252,"date":"2025-08-16T16:54:10","date_gmt":"2025-08-16T16:54:10","guid":{"rendered":"https:\/\/www.europesays.com\/fr\/323252\/"},"modified":"2025-08-16T16:54:10","modified_gmt":"2025-08-16T16:54:10","slug":"coup-de-gueule-de-de-zerbi-altercation-rabiot-rowe-le-vestiaire-de-lom-a-tremble-apres-la-defaite-a-rennes","status":"publish","type":"post","link":"https:\/\/www.europesays.com\/fr\/323252\/","title":{"rendered":"Coup de gueule de De Zerbi, altercation Rabiot &#8211; Rowe : le vestiaire de l\u2019OM a trembl\u00e9 apr\u00e8s la d\u00e9faite \u00e0 Rennes"},"content":{"rendered":"<p class=\"paragraph text_align_left lp-f-body-02\">\u00c0 peine une journ\u00e9e de disput\u00e9e et d\u00e9j\u00e0 des frictions dans le vestiaire de l\u2019OM. <a href=\"https:\/\/www.leparisien.fr\/sports\/football\/ligue-1\/rennes-marseille-0-0-en-inferiorite-numerique-pendant-plus-dune-heure-rennes-crucifie-lom-15-08-2025-N2UGYQ3ZKZDTRMKRWNSFVMSCNM.php\" target=\"_blank\" rel=\"nofollow noopener\">D\u00e9faits sur la pelouse de Rennes<\/a> ce vendredi en ouverture de la <a href=\"https:\/\/www.leparisien.fr\/sports\/football\/ligue-1\/\" target=\"_self\" rel=\"nofollow noopener\">Ligue 1<\/a>, les Olympiens n\u2019ont pas su profiter de leur sup\u00e9riorit\u00e9 num\u00e9rique et ont c\u00e9d\u00e9 dans le temps additionnel sur un but de Ludovic Blas (1-0).<\/p>\n<p class=\"paragraph text_align_left lp-f-body-02\">Une prestation et un sc\u00e9nario mal dig\u00e9r\u00e9 par les joueurs et surtout par <a href=\"https:\/\/www.leparisien.fr\/sports\/football\/il-sest-plaint-de-mes-joueurs-de-zerbi-explique-son-embrouille-avec-emery-lors-dom-aston-villa-10-08-2025-YYF3EHCIHZAILLKUBH4SKDVALU.php\" target=\"_self\" rel=\"nofollow noopener\">Roberto De Zerbi<\/a>. Face \u00e0 la presse, le technicien italien n\u2019a pas m\u00e2ch\u00e9 ses mots, <a href=\"https:\/\/www.leparisien.fr\/sports\/football\/ligue-1\/si-on-pense-que-les-buts-tombent-du-ciel-de-zerbi-appelle-a-lhumilite-apres-la-defaite-de-lom-a-rennes-16-08-2025-7G4K3DSQSRGFRAGQAYT5R74P6E.php\" target=\"_self\" rel=\"nofollow noopener\">appelant ses hommes \u00e0 \u00ab l\u2019humilit\u00e9 \u00bb<\/a>. \u00ab Si on pense qu\u2019on est plus fort qu\u2019on ne l\u2019est en r\u00e9alit\u00e9 et que les buts tombent du ciel, alors on n\u2019a rien compris \u00bb, a-t-il lanc\u00e9. <\/p>\n<p>\u00ab On a de petites coui***s \u00bb<\/p>\n<p class=\"paragraph text_align_left lp-f-body-02\">Selon des informations d\u2019ici Provence et RMC Sport que nous sommes en mesure de confirmer, le ton est ensuite mont\u00e9 dans l\u2019intimit\u00e9 du vestiaire, apr\u00e8s la rencontre. Plusieurs joueurs ont alors pris la parole en pointant les lacunes d\u2019autres, stigmatisant notamment leur manque d\u2019efforts sur le terrain mais aussi une implication loin des standards de ce genre de match et des ambitions d\u2019un club qui visent tr\u00e8s haut cette saison. <\/p>\n<p class=\"paragraph text_align_left lp-f-body-02\">I<a href=\"https:\/\/www.francebleu.fr\/sports\/football\/info-ici-provence-om-fortes-tensions-dans-les-vestiaires-apres-la-defaite-a-rennes-on-a-des-petites-coui-es-7754220\" target=\"_self\" rel=\"nofollow noopener\">ci Provence<\/a> raconte ainsi que le traducteur de De Zerbi aurait d\u2019ailleurs r\u00e9p\u00e9t\u00e9 en fran\u00e7ais la phrase suivante, prononc\u00e9e en italien par le coach : \u00ab Les autres, ils nous battent sur le terrain et nous, on rentre, on se tape ici. Vous savez ce que cela veut dire ? Que l\u2019on a des petites coui***s. Alors qu\u2019\u00e0 Marseille, on doit en avoir des grosses. \u00bb<\/p>\n<p class=\"paragraph text_align_left lp-f-body-02\">Alors que la tension est mont\u00e9e au fil des minutes, une altercation a \u00e9clat\u00e9 entre <a href=\"https:\/\/www.leparisien.fr\/sports\/football\/ligue-1\/le-meilleur-homme-que-jai-eu-dans-un-vestiaire-comment-adrien-rabiot-est-devenu-le-duc-de-marseille-15-08-2025-YVFTDGMP4NANXJ5WVNUCTUSZVI.php\" target=\"_blank\" rel=\"nofollow noopener\">Adrien Rabiot<\/a> et Jonathan Rowe. Sur le d\u00e9part, l\u2019ailier anglais n\u2019a pas appr\u00e9ci\u00e9 de recevoir certaines critiques de ses partenaires et l\u2019a fait savoir au milieu de terrain fran\u00e7ais en lui r\u00e9pondant de mani\u00e8re agressive. Sans pour autant \u00eatre proche d\u2019en venir aux mains, nous pr\u00e9cise une source \u00e0 l\u2019int\u00e9rieur du club. <\/p>\n<p>\u00ab Ce matin, c\u2019est fini, on passe \u00e0 autre chose \u00bb<\/p>\n<p class=\"paragraph text_align_left lp-f-body-02\">Le calme a fini par revenir lorsque De Zerbi, accompagn\u00e9 par <a href=\"https:\/\/www.leparisien.fr\/sports\/football\/ligue-1\/certains-au-club-pensent-que-je-suis-un-danger-et-cest-vrai-les-messages-forts-de-benatia-sur-lom-19-04-2025-7SQA6WDORZGNFKYR2ONOZVXZIA.php\" target=\"_self\" rel=\"nofollow noopener\">Mehdi Benatia<\/a>, le directeur du football, a repris la parole, mais l\u2019ambiance \u00e9tait en toute logique morose dans l\u2019avion du retour vers Marseille. \u00ab C\u2019est la derni\u00e8re fois que cela arrive \u00bb, a averti l\u2019entra\u00eeneur olympien, en parlant de l\u2019attitude de ses hommes sur le terrain. <\/p>\n<p class=\"paragraph text_align_left lp-f-body-02\">Au lendemain de cette d\u00e9faite et de ces premi\u00e8res tensions, le ton \u00e9tait plut\u00f4t \u00e0 la d\u00e9dramatisation, le club \u00e9voquant des \u00e9nervements dus \u00e0 la frustration d\u2019une premi\u00e8re d\u00e9faite rageante apr\u00e8s une pr\u00e9paration pleine de promesses. \u00ab Ce matin c\u2019est fini, on passe \u00e0 autre chose \u00bb, coupe ainsi un intime du vestiaire.<\/p>\n<p class=\"paragraph text_align_left lp-f-body-02\">Cet autre chose, c\u2019est la r\u00e9ception samedi prochain \u00e0 17h de l\u2019ambitieux promu Paris FC au V\u00e9lodrome. Une rencontre d\u00e9j\u00e0 capitale pour ne pas laisser le doute et un d\u00e9but de crise s\u2019installer avant m\u00eame la fin du mois d\u2019ao\u00fbt. <\/p>\n","protected":false},"excerpt":{"rendered":"\u00c0 peine une journ\u00e9e de disput\u00e9e et d\u00e9j\u00e0 des frictions dans le vestiaire de l\u2019OM. D\u00e9faits sur la&hellip;\n","protected":false},"author":2,"featured_media":323253,"comment_status":"","ping_status":"","sticky":false,"template":"","format":"standard","meta":{"footnotes":""},"categories":[2821],"tags":[1111,11,829,1777,674,63,1011,27,66,12,584,25,60],"class_list":{"0":"post-323252","1":"post","2":"type-post","3":"status-publish","4":"format-standard","5":"has-post-thumbnail","7":"category-rennes","8":"tag-actu","9":"tag-actualites","10":"tag-bretagne","11":"tag-eu","12":"tag-europe","13":"tag-football","14":"tag-fr","15":"tag-france","16":"tag-ligue-1","17":"tag-news","18":"tag-rennes","19":"tag-republique-francaise","20":"tag-sports"},"share_on_mastodon":{"url":"https:\/\/pubeurope.com\/@fr\/115039493381525378","error":""},"_links":{"self":[{"href":"https:\/\/www.europesays.com\/fr\/wp-json\/wp\/v2\/posts\/323252","targetHints":{"allow":["GET"]}}],"collection":[{"href":"https:\/\/www.europesays.com\/fr\/wp-json\/wp\/v2\/posts"}],"about":[{"href":"https:\/\/www.europesays.com\/fr\/wp-json\/wp\/v2\/types\/post"}],"author":[{"embeddable":true,"href":"https:\/\/www.europesays.com\/fr\/wp-json\/wp\/v2\/users\/2"}],"replies":[{"embeddable":true,"href":"https:\/\/www.europesays.com\/fr\/wp-json\/wp\/v2\/comments?post=323252"}],"version-history":[{"count":0,"href":"https:\/\/www.europesays.com\/fr\/wp-json\/wp\/v2\/posts\/323252\/revisions"}],"wp:featuredmedia":[{"embeddable":true,"href":"https:\/\/www.europesays.com\/fr\/wp-json\/wp\/v2\/media\/323253"}],"wp:attachment":[{"href":"https:\/\/www.europesays.com\/fr\/wp-json\/wp\/v2\/media?parent=323252"}],"wp:term":[{"taxonomy":"category","embeddable":true,"href":"https:\/\/www.europesays.com\/fr\/wp-json\/wp\/v2\/categories?post=323252"},{"taxonomy":"post_tag","embeddable":true,"href":"https:\/\/www.europesays.com\/fr\/wp-json\/wp\/v2\/tags?post=323252"}],"curies":[{"name":"wp","href":"https:\/\/api.w.org\/{rel}","templated":true}]}}