{"id":323269,"date":"2025-08-16T17:08:11","date_gmt":"2025-08-16T17:08:11","guid":{"rendered":"https:\/\/www.europesays.com\/fr\/323269\/"},"modified":"2025-08-16T17:08:11","modified_gmt":"2025-08-16T17:08:11","slug":"lille-face-a-un-defi-colossal-apres-une-hemorragie-estivale","status":"publish","type":"post","link":"https:\/\/www.europesays.com\/fr\/323269\/","title":{"rendered":"Lille face \u00e0 un d\u00e9fi colossal apr\u00e8s une h\u00e9morragie estivale"},"content":{"rendered":"<p><strong>Les Dogues, priv\u00e9s de plusieurs cadres, entament une reconstruction p\u00e9rilleuse avant leur premier match officiel.<\/strong><\/p>\n<p>Le LOSC aborde la rencontre de dimanche \u00e0 Brest dans un contexte particuli\u00e8rement d\u00e9licat. Le club nordiste a enregistr\u00e9 un exode massif durant ce mercato, avec les d\u00e9parts de Lucas Chevalier, Jonathan David, Angel Gomes, Bafod\u00e9 Diakit\u00e9, Ismaily et Mitchel Bakker. Une saign\u00e9e qui fragilise consid\u00e9rablement l\u2019\u00e9quipe, alors qu\u2019Edon Zhegrova pourrait \u00e9galement quitter la maison.<\/p>\n<p>Bruno G\u00e9n\u00e9sio, le technicien lillois, reste prudent quant \u00e0 l\u2019avenir du Kosovar, absent des s\u00e9ances principales cette semaine. \u00ab Il s\u2019entra\u00eene avec la r\u00e9serve, et je n\u2019ai pas plus d\u2019\u00e9l\u00e9ments \u00e0 communiquer pour l\u2019instant \u00bb, a-t-il d\u00e9clar\u00e9, laissant planer le doute sur sa participation future.<\/p>\n<p>Face \u00e0 cette situation, les dirigeants n\u2019ont d\u2019autre choix que d\u2019activer le march\u00e9 des transferts dans l\u2019urgence. Si l\u2019arriv\u00e9e du portier turc Berke \u00d6zer et celle d\u2019Olivier Giroud apportent des solutions partielles, elles ne suffiront pas \u00e0 combler les lacunes. L\u2019entra\u00eeneur reconna\u00eet lui-m\u00eame la n\u00e9cessit\u00e9 de renforcer l\u2019effectif, notamment en volume, pour tenir sur tous les fronts.<\/p>\n<p>La hi\u00e9rarchie au sein du groupe est \u00e9galement \u00e0 revoir, apr\u00e8s les d\u00e9parts des vice-capitaines Diakit\u00e9 et David. \u00ab Tout reste \u00e0 d\u00e9finir, d\u2019autant que l\u2019effectif n\u2019est pas fig\u00e9 \u00bb, pr\u00e9cise G\u00e9n\u00e9sio, conscient des ajustements encore n\u00e9cessaires.<\/p>\n<p>Avec une campagne europ\u00e9enne en Ligue Europa cette saison, les Dogues devront faire preuve d\u2019ing\u00e9niosit\u00e9 pour compenser leurs pertes tout en ma\u00eetrisant leur budget. Un pari complexe, qui pourrait bien d\u00e9terminer l\u2019avenir de leur coach et la trajectoire d\u2019une \u00e9quipe en pleine mutation.<\/p>\n","protected":false},"excerpt":{"rendered":"Les Dogues, priv\u00e9s de plusieurs cadres, entament une reconstruction p\u00e9rilleuse avant leur premier match officiel. Le LOSC aborde&hellip;\n","protected":false},"author":2,"featured_media":323270,"comment_status":"","ping_status":"","sticky":false,"template":"","format":"standard","meta":{"footnotes":""},"categories":[2815],"tags":[1111,11,1777,674,1011,27,811,1307,12,25],"class_list":{"0":"post-323269","1":"post","2":"type-post","3":"status-publish","4":"format-standard","5":"has-post-thumbnail","7":"category-lille","8":"tag-actu","9":"tag-actualites","10":"tag-eu","11":"tag-europe","12":"tag-fr","13":"tag-france","14":"tag-hauts-de-france","15":"tag-lille","16":"tag-news","17":"tag-republique-francaise"},"share_on_mastodon":{"url":"https:\/\/pubeurope.com\/@fr\/115039548389967074","error":""},"_links":{"self":[{"href":"https:\/\/www.europesays.com\/fr\/wp-json\/wp\/v2\/posts\/323269","targetHints":{"allow":["GET"]}}],"collection":[{"href":"https:\/\/www.europesays.com\/fr\/wp-json\/wp\/v2\/posts"}],"about":[{"href":"https:\/\/www.europesays.com\/fr\/wp-json\/wp\/v2\/types\/post"}],"author":[{"embeddable":true,"href":"https:\/\/www.europesays.com\/fr\/wp-json\/wp\/v2\/users\/2"}],"replies":[{"embeddable":true,"href":"https:\/\/www.europesays.com\/fr\/wp-json\/wp\/v2\/comments?post=323269"}],"version-history":[{"count":0,"href":"https:\/\/www.europesays.com\/fr\/wp-json\/wp\/v2\/posts\/323269\/revisions"}],"wp:featuredmedia":[{"embeddable":true,"href":"https:\/\/www.europesays.com\/fr\/wp-json\/wp\/v2\/media\/323270"}],"wp:attachment":[{"href":"https:\/\/www.europesays.com\/fr\/wp-json\/wp\/v2\/media?parent=323269"}],"wp:term":[{"taxonomy":"category","embeddable":true,"href":"https:\/\/www.europesays.com\/fr\/wp-json\/wp\/v2\/categories?post=323269"},{"taxonomy":"post_tag","embeddable":true,"href":"https:\/\/www.europesays.com\/fr\/wp-json\/wp\/v2\/tags?post=323269"}],"curies":[{"name":"wp","href":"https:\/\/api.w.org\/{rel}","templated":true}]}}