{"id":323274,"date":"2025-08-16T17:12:25","date_gmt":"2025-08-16T17:12:25","guid":{"rendered":"https:\/\/www.europesays.com\/fr\/323274\/"},"modified":"2025-08-16T17:12:25","modified_gmt":"2025-08-16T17:12:25","slug":"lyon-debute-par-une-victoire-au-forceps-a-lens","status":"publish","type":"post","link":"https:\/\/www.europesays.com\/fr\/323274\/","title":{"rendered":"Lyon d\u00e9bute par une victoire au forceps \u00e0 Lens"},"content":{"rendered":"<p>L\u2019Olympique Lyonnais s\u2019est impos\u00e9 sur la plus petite des marges face aux Sang et Or, ce samedi \u00e0 Bollaert, pour le compte de la premi\u00e8re journ\u00e9e de Ligue 1.<\/p>\n<p class=\"fig-paragraph\">Pour son premier match de la saison, Lyon frappe un grand coup en s\u2019imposant sur la pelouse du RC Lens (0-1) apr\u00e8s un match anim\u00e9 tout du long et tr\u00e8s plaisant sous le soleil du Nord.<\/p>\n<p class=\"fig-paragraph\">Dans une ambiance incandescente \u00e0 Bollaert pour ce premier match de la saison, les deux \u00e9quipes n\u2019ont pas tard\u00e9 \u00e0 se montrer et se mettre en valeur, se rendant coup pour coup. R\u00e9my Descamps, propuls\u00e9 titulaire faute de gardien n\u00b01 \u00e0 l\u2019OL, doit s\u2019illustrer d\u2019entr\u00e9e de jeu, avec une double parade (5e). Quelques minutes apr\u00e8s, ce sont les Lyonnais qui sont tout proches d\u2019ouvrir le score. Ainsley Maitland-Niles se retrouve seul face au but mais Malang Sarr revient au dernier moment pour g\u00eaner l\u2019Anglais (7e). Peu apr\u00e8s, ce sont les Lensois qui attaquent et passent tout proche de l\u2019ouverture du score (9e). On repart aussit\u00f4t de l\u2019autre c\u00f4t\u00e9 puisque Georges Mikautadze tente aussi sa chance, par deux fois (11e, 13e). Apr\u00e8s le quart de jeu, le rythme redescend et les occasions sont moins franches mais la partie reste tr\u00e8s plaisante. Frayeur apr\u00e8s la demi-heure puisque Sa\u00ebl Kumbedi reste quelques minutes au sol apr\u00e8s un choc avec Adrien Thomasson (37e), pendant que les Lensois r\u00e9clament un penalty. Tout le monde reprend sa place pour la fin de la premi\u00e8re p\u00e9riode. Dans le temps additionnel, Malick Fofana est trouv\u00e9 en profondeur et se d\u00e9fait de Ruben Aguilar. Il retrouve Georges Mikautadze en retrait qui peut marquer. L\u2019OL ouvre le score juste avant la pause (45+1).<\/p>\n<p>                                    <a class=\"fig-a11y-skip a11y-hidden\" href=\"#fig-a11y-skip-main-inarticle\"><br \/>\n        Passer la publicit\u00e9<br \/>\n    <\/a><\/p>\n<p>Lens pousse en deuxi\u00e8me p\u00e9riode mais ne parvient pas \u00e0 \u00e9galiser<\/p>\n<p class=\"fig-paragraph\">Malgr\u00e9 l\u2019ouverture du score en fin de premi\u00e8re p\u00e9riode, l\u2019OL revient avec les m\u00eames intentions et continue d\u2019attaquer, \u00e0 l\u2019image de Georges Mikautadze qui prend sa chance \u00e0 l\u2019entr\u00e9e de la surface (50e). Une domination qui va \u00eatre de courte dur\u00e9e. Les Lensois remettent peu \u00e0 peu le pied sur le ballon. Un changement qui s\u2019op\u00e8re notamment gr\u00e2ce \u00e0 Florian Thauvin entr\u00e9 peu avant l\u2019heure de jeu pour son premier match avec les Sang et Or. R\u00e9my Descamps doit rester vigilant face \u00e0 Andy Diouf (56e). Les hommes de Pierre Sage reprennent ainsi le contr\u00f4le du ballon mais peinent \u00e0 se cr\u00e9er des occasions. R\u00e9my Descamps est toujours bien plac\u00e9. L\u2019OL peut alors souffler et passe tout proche du break. Sur une contre-attaque, Corentin Tolisso d\u00e9cale intelligemment Malick Fofana mais ce dernier bute sur le portier adverse (76e). La fin du match va \u00eatre \u00e0 sens unique mais les Lensois ne vont pas r\u00e9ussir \u00e0 inqui\u00e9ter la d\u00e9fense lyonnaise plus que \u00e7a malgr\u00e9 de nombreuses tentatives. Lyon r\u00e9ussit le coup parfait.<\/p>\n<p class=\"fig-paragraph\">Pour ce choc de la 1\u00e8re journ\u00e9e de Ligue 1 entre deux pr\u00e9tendants \u00e0 l\u2019Europe, l\u2019OL frappe un grand coup en s\u2019offrant le RC Lens. Lors de la prochaine journ\u00e9e, Lyon recevra Metz. Le club art\u00e9sien se d\u00e9placera au Havre.<\/p>\n","protected":false},"excerpt":{"rendered":"L\u2019Olympique Lyonnais s\u2019est impos\u00e9 sur la plus petite des marges face aux Sang et Or, ce samedi \u00e0&hellip;\n","protected":false},"author":2,"featured_media":323275,"comment_status":"","ping_status":"","sticky":false,"template":"","format":"standard","meta":{"footnotes":""},"categories":[1889],"tags":[1111,11,2430,1777,674,1011,27,2428,12,978,2264,25],"class_list":{"0":"post-323274","1":"post","2":"type-post","3":"status-publish","4":"format-standard","5":"has-post-thumbnail","7":"category-lyon","8":"tag-actu","9":"tag-actualites","10":"tag-auvergne-rhone-alpes","11":"tag-eu","12":"tag-europe","13":"tag-fr","14":"tag-france","15":"tag-lyon","16":"tag-news","17":"tag-olympique-lyonnais","18":"tag-rc-lens","19":"tag-republique-francaise"},"share_on_mastodon":{"url":"https:\/\/pubeurope.com\/@fr\/115039564099412975","error":""},"_links":{"self":[{"href":"https:\/\/www.europesays.com\/fr\/wp-json\/wp\/v2\/posts\/323274","targetHints":{"allow":["GET"]}}],"collection":[{"href":"https:\/\/www.europesays.com\/fr\/wp-json\/wp\/v2\/posts"}],"about":[{"href":"https:\/\/www.europesays.com\/fr\/wp-json\/wp\/v2\/types\/post"}],"author":[{"embeddable":true,"href":"https:\/\/www.europesays.com\/fr\/wp-json\/wp\/v2\/users\/2"}],"replies":[{"embeddable":true,"href":"https:\/\/www.europesays.com\/fr\/wp-json\/wp\/v2\/comments?post=323274"}],"version-history":[{"count":0,"href":"https:\/\/www.europesays.com\/fr\/wp-json\/wp\/v2\/posts\/323274\/revisions"}],"wp:featuredmedia":[{"embeddable":true,"href":"https:\/\/www.europesays.com\/fr\/wp-json\/wp\/v2\/media\/323275"}],"wp:attachment":[{"href":"https:\/\/www.europesays.com\/fr\/wp-json\/wp\/v2\/media?parent=323274"}],"wp:term":[{"taxonomy":"category","embeddable":true,"href":"https:\/\/www.europesays.com\/fr\/wp-json\/wp\/v2\/categories?post=323274"},{"taxonomy":"post_tag","embeddable":true,"href":"https:\/\/www.europesays.com\/fr\/wp-json\/wp\/v2\/tags?post=323274"}],"curies":[{"name":"wp","href":"https:\/\/api.w.org\/{rel}","templated":true}]}}