{"id":323276,"date":"2025-08-16T17:15:13","date_gmt":"2025-08-16T17:15:13","guid":{"rendered":"https:\/\/www.europesays.com\/fr\/323276\/"},"modified":"2025-08-16T17:15:13","modified_gmt":"2025-08-16T17:15:13","slug":"pres-de-3-500-militaires-en-renfort-pour-combattre-les-flammes","status":"publish","type":"post","link":"https:\/\/www.europesays.com\/fr\/323276\/","title":{"rendered":"pr\u00e8s de 3 500 militaires en renfort pour combattre les flammes"},"content":{"rendered":"\n<p class=\"c-chapo \">\n  Selon les m\u00e9dias espagnols, Pedro Sanchez se rendra dimanche sur les deux incendies d&rsquo;Ourense, en Galice, et celui de Leon.\n<\/p>\n<p>            lire plus tard<\/p>\n<p id=\"dialog__title\" class=\"dialog__title\">Pour sauvegarder cet article, connectez-vous ou cr\u00e9ez un compte franceinfo<\/p>\n<p class=\"dialog__description\">Sans paiement. Sans abonnement.<\/p>\n<p>        Fermer la fen\u00eatre d\u2019activation des notifications France Info<\/p>\n<p>            cr\u00e9er votre compte<\/p>\n<p>            se connecter<\/p>\n<p>        Fermer la fen\u00eatre de pr\u00e9sentation<\/p>\n<p>    <img loading=\"lazy\" decoding=\"async\" class=\"signature__image lazyload\" width=\"100\" height=\"100\" data- alt=\"\" src=\"https:\/\/www.europesays.com\/fr\/wp-content\/uploads\/2025\/05\/64a68815cd1a7_placeholder-36b69ec8.png\"\/><\/p>\n<p>    Publi\u00e9 le 16\/08\/2025 14:47<\/p>\n<p>        Temps de lecture : 2min<\/p>\n<p>    <img decoding=\"async\"  alt=\"Des r\u00e9sidents combattent les flammes au niveau de la commune d'Ourense, dans la r\u00e9gion de Galice (Espagne), le 14 ao\u00fbt 2025. (MIGUEL RIOPA \/ AFP)\" width=\"432\" height=\"243\" src=\"https:\/\/www.europesays.com\/fr\/wp-content\/uploads\/2025\/08\/000-69kf6am-68a077ce2e07c080168393.jpg\" fetchpriority=\"high\"\/><\/p>\n<p>      Des r\u00e9sidents combattent les flammes au niveau de la commune d&rsquo;Ourense, dans la r\u00e9gion de Galice (Espagne), le 14 ao\u00fbt 2025. (MIGUEL RIOPA \/ AFP)<\/p>\n<p>L&rsquo;Espagne, qui entre dans sa troisi\u00e8me semaine <a href=\"https:\/\/www.franceinfo.fr\/environnement\/evenements-meteorologiques-extremes\/vagues-de-chaleur-canicules\/en-espagne-plus-de-1-000-deces-attribuables-a-la-canicule-au-mois-de-juillet_7421185.html\" rel=\"nofollow noopener\" target=\"_blank\">d&rsquo;alerte en raison de la canicule<\/a>, <a href=\"https:\/\/www.franceinfo.fr\/monde\/espagne\/espagne-les-incendies-font-rage-le-pays-appel-a-l-aide-l-union-europeenne_7438393.html\" rel=\"nofollow noopener\" target=\"_blank\">n&rsquo;en finit pas de combattre les incendies<\/a> meurtriers qui frappent le nord-ouest et l&rsquo;ouest du pays. L&rsquo;arm\u00e9e s&rsquo;y est d\u00e9ploy\u00e9e pour aider \u00e0 combattre les flammes. Pr\u00e8s de 3\u00a0500 militaires de l&rsquo;UME (Unit\u00e9 militaire d&rsquo;urgence), appel\u00e9e \u00e0 la rescousse en cas de graves incendies, sont dispatch\u00e9s sur les diff\u00e9rents feux pr\u00e9occupants.\u00a0<\/p>\n<p>La Castille-et-Leon, la Galice, les Asturies et l&rsquo;Estr\u00e9madure sont d\u00e9sormais les principaux foyers. Pour l&rsquo;heure, ces derniers incendies <a href=\"https:\/\/france3-regions.franceinfo.fr\/occitanie\/hautes-pyrenees\/tarbes\/photos-ce-qu-il-faut-savoir-sur-ces-14-enormes-incendies-qui-ravagent-le-nord-de-l-espagne-et-ont-fait-trois-morts-3201819.html\" rel=\"nofollow noopener\" target=\"_blank\">ont co\u00fbt\u00e9 la vie \u00e0 trois personnes<\/a>, dont deux volontaires qui ont p\u00e9ri en tentant d&rsquo;\u00e9teindre le feu en Castille-et-Leon, et br\u00fbl\u00e9 presque 115\u00a0000 hectares, selon le quotidien espagnol <a href=\"https:\/\/elpais.com\/espana\/2025-08-16\/ultima-hora-de-los-incendios-en-espana-en-directo.html\" target=\"_blank\" rel=\"noopener nofollow\">El Pais<\/a>.<\/p>\n<p>Le Premier ministre espagnol, Pedro Sanchez, a particip\u00e9 samedi 16 ao\u00fbt \u00e0 \u00ab\u00a0une r\u00e9union de coordination sur les incendies\u00a0\u00bb afin d&rsquo;analyser leur \u00e9volution. \u00ab\u00a0Le gouvernement continue \u00e0 travailler pour lutter contre le feu avec tous les moyens \u00e0 sa disposition\u00a0\u00bb, a fait savoir le dirigeant socialiste sur son compte <a href=\"https:\/\/x.com\/desdelamoncloa\/status\/1956659795953439050\" target=\"_blank\" rel=\"noopener nofollow\">X<\/a>. L&rsquo;extinction des incendies rel\u00e8ve en principe de la comp\u00e9tence des r\u00e9gions, le gouvernement central n&rsquo;intervenant qu&rsquo;en cas de sinistre de grande ampleur.<\/p>\n<p>Selon les m\u00e9dias espagnols, Pedro Sanchez se rendra dimanche sur les deux incendies d&rsquo;Ourense, en Galice, o\u00f9 16\u00a0000 hectares sont partis en fum\u00e9e selon les autorit\u00e9s locales, et celui de Leon, o\u00f9 pr\u00e8s de 38\u00a0000 hectares ont \u00e9t\u00e9 d\u00e9truits selon la carte en temps r\u00e9el du Syst\u00e8me europ\u00e9en d&rsquo;information sur les incendies forestiers (Effis). Une dizaine d&rsquo;axes routiers restent coup\u00e9s dans le pays, ainsi que la ligne de train entre Madrid et la Galice, en plein pont de l&rsquo;Assomption.<\/p>\n<p>L&rsquo;extinction des incendies rel\u00e8ve en principe de la comp\u00e9tence des r\u00e9gions, le gouvernement central n&rsquo;intervenant qu&rsquo;en cas de sinistre de grande ampleur. L&rsquo;Espagne devrait rester en alerte chaleur jusqu&rsquo;\u00e0 lundi. Depuis le d\u00e9but de l&rsquo;ann\u00e9e, plus de 157\u00a0000 hectares y ont \u00e9t\u00e9 r\u00e9duits en cendres, selon Effis.<\/p>\n","protected":false},"excerpt":{"rendered":"Selon les m\u00e9dias espagnols, Pedro Sanchez se rendra dimanche sur les deux incendies d&rsquo;Ourense, en Galice, et celui&hellip;\n","protected":false},"author":2,"featured_media":323277,"comment_status":"","ping_status":"","sticky":false,"template":"","format":"standard","meta":{"footnotes":""},"categories":[1888],"tags":[1111,1928,11,1927,1777,674,1011,27,12,1926,626,1925,25],"class_list":{"0":"post-323276","1":"post","2":"type-post","3":"status-publish","4":"format-standard","5":"has-post-thumbnail","7":"category-paris","8":"tag-actu","9":"tag-actu-paris","10":"tag-actualites","11":"tag-actualites-paris","12":"tag-eu","13":"tag-europe","14":"tag-fr","15":"tag-france","16":"tag-news","17":"tag-news-paris","18":"tag-paris","19":"tag-paris-news","20":"tag-republique-francaise"},"share_on_mastodon":{"url":"https:\/\/pubeurope.com\/@fr\/115039576350488405","error":""},"_links":{"self":[{"href":"https:\/\/www.europesays.com\/fr\/wp-json\/wp\/v2\/posts\/323276","targetHints":{"allow":["GET"]}}],"collection":[{"href":"https:\/\/www.europesays.com\/fr\/wp-json\/wp\/v2\/posts"}],"about":[{"href":"https:\/\/www.europesays.com\/fr\/wp-json\/wp\/v2\/types\/post"}],"author":[{"embeddable":true,"href":"https:\/\/www.europesays.com\/fr\/wp-json\/wp\/v2\/users\/2"}],"replies":[{"embeddable":true,"href":"https:\/\/www.europesays.com\/fr\/wp-json\/wp\/v2\/comments?post=323276"}],"version-history":[{"count":0,"href":"https:\/\/www.europesays.com\/fr\/wp-json\/wp\/v2\/posts\/323276\/revisions"}],"wp:featuredmedia":[{"embeddable":true,"href":"https:\/\/www.europesays.com\/fr\/wp-json\/wp\/v2\/media\/323277"}],"wp:attachment":[{"href":"https:\/\/www.europesays.com\/fr\/wp-json\/wp\/v2\/media?parent=323276"}],"wp:term":[{"taxonomy":"category","embeddable":true,"href":"https:\/\/www.europesays.com\/fr\/wp-json\/wp\/v2\/categories?post=323276"},{"taxonomy":"post_tag","embeddable":true,"href":"https:\/\/www.europesays.com\/fr\/wp-json\/wp\/v2\/tags?post=323276"}],"curies":[{"name":"wp","href":"https:\/\/api.w.org\/{rel}","templated":true}]}}