{"id":323278,"date":"2025-08-16T17:16:18","date_gmt":"2025-08-16T17:16:18","guid":{"rendered":"https:\/\/www.europesays.com\/fr\/323278\/"},"modified":"2025-08-16T17:16:18","modified_gmt":"2025-08-16T17:16:18","slug":"angers-sco-paris-fc-analyse-de-ladversaire","status":"publish","type":"post","link":"https:\/\/www.europesays.com\/fr\/323278\/","title":{"rendered":"Angers SCO &#8211; Paris FC : Analyse de l&rsquo;adversaire"},"content":{"rendered":"\n<p class=\"has-text-align-center\"><strong>La Ligue 1 McDonald\u2019s fait son retour dimanche pour une nouvelle saison au Stade Raymond-Kopa ! Les Noir&amp;Blanc accueillent le promu, le Paris FC pour la 1\u00e8re journ\u00e9e.<\/strong><\/p>\n<p><a href=\"https:\/\/angers-sco.fr\/wp-content\/uploads\/2025\/08\/iconsport_178573_0119-scaled.jpg\" rel=\"nofollow noopener\" target=\"_blank\"><img fetchpriority=\"high\" decoding=\"async\" width=\"1024\" height=\"683\" src=\"https:\/\/www.europesays.com\/fr\/wp-content\/uploads\/2025\/08\/iconsport_178573_0119-1024x683.jpg\" alt=\"\" class=\"wp-image-49259\"  \/><\/a><\/p>\n<p><strong>Fiche technique :<\/strong><\/p>\n<p><strong>Angers SCO \u2013 Paris FC<\/strong><\/p>\n<p>Dimanche 17 ao\u00fbt 2025, 17h15, Stade Raymond-Kopa<\/p>\n<p>J1 Ligue 1 McDonald\u2019s<\/p>\n<p><strong>L\u2019adversaire :<\/strong><\/p>\n<p>Promu en Ligue 1 McDonald\u2019s, le Paris FC s\u2019appr\u00eate \u00e0 disputer sa premi\u00e8re saison dans l\u2019\u00e9lite depuis 1979. Pass\u00e9 sous pavillon Redbull, le club parisien a, jusqu\u2019ici, \u00e9t\u00e9 tr\u00e8s actif sur le march\u00e9 des transferts avec l\u2019arriv\u00e9e d\u00e9finitive du lat\u00e9ral Thibault De Smet en provenance du Stade de Reims, suivi de son co\u00e9quipier Nhoa Sangui, tandis que Moses Simon et Otavio ont \u00e9galement rejoint les rangs du promu en provenance, respectivement, du FC Nantes et du FC Porto.<\/p>\n<p>Tr\u00e8s solide, le Paris FC est l\u2019\u00e9quipe, Ligue 1 et Ligue 2 confondu, qui a conc\u00e9d\u00e9 le moins de buts \u00e0 l\u2019ext\u00e9rieur la saison derni\u00e8re (17). C\u2019est donc un adversaire coriace qui attendra les Noir&amp;Blanc pour cette premi\u00e8re journ\u00e9e de Ligue 1 McDonald\u2019s.<\/p>\n<p><strong>Le joueur \u00e0 suivre : Moses Simon<\/strong><\/p>\n<p><a href=\"https:\/\/angers-sco.fr\/wp-content\/uploads\/2025\/08\/iconsport_265797_0058-scaled.jpg\" rel=\"nofollow noopener\" target=\"_blank\"><img loading=\"lazy\" decoding=\"async\" width=\"1024\" height=\"683\" src=\"https:\/\/www.europesays.com\/fr\/wp-content\/uploads\/2025\/08\/iconsport_265797_0058-1024x683.jpg\" alt=\"\" class=\"wp-image-49261\"  \/><\/a><\/p>\n<p>Arriv\u00e9 cet \u00e9t\u00e9 en provenance du FC Nantes, Moses Simon sort d\u2019une saison compl\u00e8te, durant laquelle il a inscrit huit buts et d\u00e9livr\u00e9 dix passes d\u00e9cisives en 32 matchs de championnat durant le dernier exercice. Sa vivacit\u00e9 fait de lui un ailier difficile \u00e0 stopper. La saison derni\u00e8re, il est le joueur de Ligue 1 McDonald\u2019s qui a r\u00e9ussi et tent\u00e9 le plus de dribbles en Ligue 1 McDonald\u2019s (65\/159).<\/p>\n<p><strong>L\u2019arbitre de la rencontre<\/strong><\/p>\n<p>Monsieur Fran\u00e7ois LETEXIER sera l\u2019arbitre de notre match face au Paris FC. Ses assistants seront Messieurs Cyril MUGNIER et Youssef EL HAMZAOUI. Monsieur Tifenn LEPRODHOMME sera le 4\u00e8me arbitre tandis qu\u2019Alexandre CASTRO et St\u00e9phane BR\u00c9 officieront en tant qu\u2019arbitres assistants vid\u00e9o.<\/p>\n<p><strong>La derni\u00e8re confrontation au Stade Raymond-Kopa<\/strong><\/p>\n<p>La derni\u00e8re fois que les Noir&amp;Blanc ont re\u00e7u le Paris FC au Stade Raymond-Kopa, c\u2019\u00e9tait lors de la 5\u00e8me journ\u00e9e de Ligue 2 BKT (2023-2024). Nos Angevins s\u2019\u00e9taient impos\u00e9s (2-0) gr\u00e2ce \u00e0 des buts de Lo\u00efs Diony et de Jean-Matt\u00e9o Bahoya. Un succ\u00e8s qui a particip\u00e9 \u00e0 lancer la s\u00e9rie de r\u00e9sultats positifs qui aidera les hommes d\u2019Alexandre Dujeux \u00e0 retrouver l\u2019\u00e9lite au terme de la saison.<\/p>\n<p><strong>Les stats\u2019<\/strong><\/p>\n<p>Le bilan des confrontations entre Angers SCO et le Paris FC dans l\u2019\u00e9lite est parfaitement \u00e9quilibr\u00e9. Chacune des \u00e9quipes a remport\u00e9 une rencontre tandis que quatre matchs nuls ont \u00e9t\u00e9 effectu\u00e9s.<\/p>\n<p>Jordan Lefort compte 200 matchs en Ligue 1 et Ligue 2 confondues, dont 71 avec Angers SCO et 32 avec le Paris FC. Il est \u00e9galement le seul joueur de champ du championnat \u00e0 avoir disput\u00e9 toutes les rencontres dans leur int\u00e9gralit\u00e9 la saison derni\u00e8re.<\/p>\n<p><strong>Comment regarder le match ?<\/strong><\/p>\n<p><a href=\"https:\/\/angers-sco.fr\/wp-content\/uploads\/2025\/08\/16_9.jpg\" rel=\"nofollow noopener\" target=\"_blank\"><img loading=\"lazy\" decoding=\"async\" width=\"1024\" height=\"576\" src=\"https:\/\/www.europesays.com\/fr\/wp-content\/uploads\/2025\/08\/16_9-1024x576.jpg\" alt=\"\" class=\"wp-image-49260\"  \/><\/a><\/p>\n<p>Dans le cas o\u00f9 vous ne pourriez vous rendre au Stade Raymond-Kopa dimanche, suivez notre match face au Paris FC sur Ligue1+.<\/p>\n<p><strong>Rendez-vous dimanche !<\/strong><\/p>\n<p><a href=\"https:\/\/angers-sco.fr\/wp-content\/uploads\/2025\/05\/iconsport_257500_0203-scaled.jpg\" rel=\"nofollow noopener\" target=\"_blank\"><img loading=\"lazy\" decoding=\"async\" width=\"1024\" height=\"683\" src=\"https:\/\/www.europesays.com\/fr\/wp-content\/uploads\/2025\/08\/iconsport_257500_0203-1024x683.jpg\" alt=\"\" class=\"wp-image-46478\"  \/><\/a><\/p>\n<p>Venez soutenir nos Angevins pour le retour de la Ligue 1 McDonald\u2019s. Nos joueurs comptent sur vous pour d\u00e9crocher leur premi\u00e8re victoire !<\/p>\n","protected":false},"excerpt":{"rendered":"La Ligue 1 McDonald\u2019s fait son retour dimanche pour une nouvelle saison au Stade Raymond-Kopa ! Les Noir&amp;Blanc&hellip;\n","protected":false},"author":2,"featured_media":323279,"comment_status":"","ping_status":"","sticky":false,"template":"","format":"standard","meta":{"footnotes":""},"categories":[1888],"tags":[1111,1928,11,1927,1777,674,1011,27,12,1926,626,1925,25],"class_list":{"0":"post-323278","1":"post","2":"type-post","3":"status-publish","4":"format-standard","5":"has-post-thumbnail","7":"category-paris","8":"tag-actu","9":"tag-actu-paris","10":"tag-actualites","11":"tag-actualites-paris","12":"tag-eu","13":"tag-europe","14":"tag-fr","15":"tag-france","16":"tag-news","17":"tag-news-paris","18":"tag-paris","19":"tag-paris-news","20":"tag-republique-francaise"},"share_on_mastodon":{"url":"https:\/\/pubeurope.com\/@fr\/115039579975271836","error":""},"_links":{"self":[{"href":"https:\/\/www.europesays.com\/fr\/wp-json\/wp\/v2\/posts\/323278","targetHints":{"allow":["GET"]}}],"collection":[{"href":"https:\/\/www.europesays.com\/fr\/wp-json\/wp\/v2\/posts"}],"about":[{"href":"https:\/\/www.europesays.com\/fr\/wp-json\/wp\/v2\/types\/post"}],"author":[{"embeddable":true,"href":"https:\/\/www.europesays.com\/fr\/wp-json\/wp\/v2\/users\/2"}],"replies":[{"embeddable":true,"href":"https:\/\/www.europesays.com\/fr\/wp-json\/wp\/v2\/comments?post=323278"}],"version-history":[{"count":0,"href":"https:\/\/www.europesays.com\/fr\/wp-json\/wp\/v2\/posts\/323278\/revisions"}],"wp:featuredmedia":[{"embeddable":true,"href":"https:\/\/www.europesays.com\/fr\/wp-json\/wp\/v2\/media\/323279"}],"wp:attachment":[{"href":"https:\/\/www.europesays.com\/fr\/wp-json\/wp\/v2\/media?parent=323278"}],"wp:term":[{"taxonomy":"category","embeddable":true,"href":"https:\/\/www.europesays.com\/fr\/wp-json\/wp\/v2\/categories?post=323278"},{"taxonomy":"post_tag","embeddable":true,"href":"https:\/\/www.europesays.com\/fr\/wp-json\/wp\/v2\/tags?post=323278"}],"curies":[{"name":"wp","href":"https:\/\/api.w.org\/{rel}","templated":true}]}}