{"id":323283,"date":"2025-08-16T17:19:10","date_gmt":"2025-08-16T17:19:10","guid":{"rendered":"https:\/\/www.europesays.com\/fr\/323283\/"},"modified":"2025-08-16T17:19:10","modified_gmt":"2025-08-16T17:19:10","slug":"vladimir-poutine-a-engrange-une-victoire-personnelle-en-alaska-lexpress","status":"publish","type":"post","link":"https:\/\/www.europesays.com\/fr\/323283\/","title":{"rendered":"Vladimir Poutine a engrang\u00e9 une \u00ab\u00a0victoire personnelle\u00a0\u00bb en Alaska \u2013 L&rsquo;Express"},"content":{"rendered":"<p class=\"paragraph article-body-paragraph article__item   article-body-paragraph--first \">\u00ab\u00a0Poutine et Trump se sont mis d\u2019accord pour se mettre d\u2019accord sur de futures discussions en vue d\u2019un accord\u00a0\u00bb, ironise, ce matin, le compte satirique Pezduza, tr\u00e8s suivi en Russie. Car, on l\u2019a vu, le <a href=\"https:\/\/www.lexpress.fr\/monde\/europe\/ukraine-ce-quil-faut-retenir-du-sommet-trump-poutine-en-alaska-244KGNTOPFFLZGKHEUXK4TJESQ\/\" target=\"_self\" rel=\"nofollow noopener\" title=\"https:\/\/www.lexpress.fr\/monde\/europe\/ukraine-ce-quil-faut-retenir-du-sommet-trump-poutine-en-alaska-244KGNTOPFFLZGKHEUXK4TJESQ\/\">sommet d\u2019Anchorage entre Vladimir Poutine et Donald Trump<\/a> s\u2019est achev\u00e9 le 15\u00a0ao\u00fbt sans qu\u2019aucun \u00ab\u00a0deal\u00a0\u00bb cher au pr\u00e9sident am\u00e9ricain ne soit annonc\u00e9. Quant \u00e0 l\u2019ultimatum pos\u00e9 par le locataire de la Maison-Blanche pour mettre fin \u00e0 la guerre, le voil\u00e0 \u00e0 nouveau d\u00e9cal\u00e9 de deux semaines, et moins cr\u00e9dible que jamais.<\/p>\n<p><strong class=\"article-body-link-list__item text-gray-800 article-body-link-list__item--one-item\">LIRE AUSSI : <a class=\"article-body-link-list__item-link\" href=\"https:\/\/www.lexpress.fr\/monde\/europe\/francoise-thom-quel-triomphe-pour-poutine-si-cest-trump-qui-se-charge-du-demembrement-de-lukraine-2UJJTL3SIFHG3JXBOE6QEKLPDY\/\" target=\"_blank\" rel=\"noreferrer nofollow noopener\">Fran\u00e7oise Thom : \u00ab\u00a0Dans sa fa\u00e7on de n\u00e9gocier, Vladimir Poutine a tout pris des Bolcheviks\u00a0\u00bb<\/a><\/strong><\/p>\n<p class=\"paragraph article-body-paragraph article__item   \">Pour le <a href=\"https:\/\/www.lexpress.fr\/monde\/europe\/francoise-thom-quel-triomphe-pour-poutine-si-cest-trump-qui-se-charge-du-demembrement-de-lukraine-2UJJTL3SIFHG3JXBOE6QEKLPDY\/\" target=\"_self\" rel=\"nofollow noopener\" title=\"https:\/\/www.lexpress.fr\/monde\/europe\/francoise-thom-quel-triomphe-pour-poutine-si-cest-trump-qui-se-charge-du-demembrement-de-lukraine-2UJJTL3SIFHG3JXBOE6QEKLPDY\/\">pr\u00e9sident russe<\/a>, le simple fait d\u2019\u00eatre ainsi re\u00e7u en grande pompe par son homologue am\u00e9ricain est en soi une victoire, un pas de plus vers la sortie de l\u2019isolation dans laquelle l\u2019avait plong\u00e9 son invasion de l\u2019Ukraine en f\u00e9vrier\u00a02022, estime la politologue russe Tatiana Stanova\u00efa, fondatrice du centre d\u2019analyse R.Politik. Les objectifs strat\u00e9giques du chef du Kremlin restent cependant pour l\u2019instant hors de sa port\u00e9e, et la <a href=\"https:\/\/www.lexpress.fr\/idees-et-debats\/samuel-greene-kings-college-trump-et-poutine-ne-peuvent-pas-mettre-fin-a-la-guerre-sans-leurope-KVVA4G5LE5BYZKSAINWMDQOXOM\/\" target=\"_self\" rel=\"nofollow noopener\" title=\"https:\/\/www.lexpress.fr\/idees-et-debats\/samuel-greene-kings-college-trump-et-poutine-ne-peuvent-pas-mettre-fin-a-la-guerre-sans-leurope-KVVA4G5LE5BYZKSAINWMDQOXOM\/\">guerre devrait continuer<\/a>. Entretien.<\/p>\n<p class=\"paragraph article-body-paragraph article__item   \"><b>L&rsquo;Express : Ce<\/b> <b>sommet<\/b> <b>est-il<\/b> <b>un succ\u00e8s pour Vladimir Poutine\u00a0?<\/b><\/p>\n<p class=\"paragraph article-body-paragraph article__item   \"><b>Tatiana Stanova\u00efa<\/b> <b>:<\/b> Ce n\u2019est pas un grand succ\u00e8s, pour aucun des deux pr\u00e9sidents. Mais il y a des aspects positifs pour Poutine. D\u2019abord, il y a le d\u00e9corum avec lequel il a \u00e9t\u00e9 re\u00e7u\u00a0: le tapis rouge, la parade a\u00e9rienne\u2026 Tous les attributs symboliques dus au dirigeant d\u2019une grande puissance. Trump l\u2019aide \u00e0 sortir de son isolement, lui donne de la l\u00e9gitimit\u00e9, et en ce sens, la rencontre a constitu\u00e9 une victoire personnelle pour Poutine.<\/p>\n<p class=\"paragraph article-body-paragraph article__item   \">Ensuite, on peut noter que cet entretien s\u2019est bien pass\u00e9 du point de vue \u00ab\u00a0\u00e9motionnel\u00a0\u00bb : sans cris ni conflits, sans se concentrer sur les divergences.<\/p>\n<p><strong class=\"article-body-link-list__item text-gray-800 article-body-link-list__item--one-item\">LIRE AUSSI : <a class=\"article-body-link-list__item-link\" href=\"https:\/\/www.lexpress.fr\/idees-et-debats\/samuel-greene-kings-college-trump-et-poutine-ne-peuvent-pas-mettre-fin-a-la-guerre-sans-leurope-KVVA4G5LE5BYZKSAINWMDQOXOM\/\" target=\"_blank\" rel=\"noreferrer nofollow noopener\">Samuel Greene (King\u2019s College) : \u00ab\u00a0Trump et Poutine ne peuvent pas mettre fin \u00e0 la guerre sans l&rsquo;Europe\u00a0\u00bb<\/a><\/strong><\/p>\n<p class=\"paragraph article-body-paragraph article__item   \">Surtout, Poutine est parvenu \u00e0 convaincre Trump qu\u2019il ne peut pas y avoir de cessez-le-feu en Ukraine sans une discussion plus globale sur les causes du conflit, et celui-ci est all\u00e9 ensuite expliquer la m\u00eame chose aux dirigeants europ\u00e9ens. Donc, je ne parlerais pas de succ\u00e8s mais de \u00ab\u00a0progr\u00e8s\u00a0\u00bb pour Poutine. C\u2019est \u00e0 peu pr\u00e8s ce qu\u2019il esp\u00e9rait obtenir.<\/p>\n<p class=\"paragraph article-body-paragraph article__item   \"><b>Ce n\u2019est pas la premi\u00e8re fois que Vladimir Poutine et Donald Trump discutent et que le pr\u00e9sident am\u00e9ricain semble s\u2019aligner sur les positions de Poutine. Jusqu\u2019\u00e0 pr\u00e9sent, cela n\u2019a pas amen\u00e9 de changements particuliers. Et cette fois-ci\u00a0?<\/b><\/p>\n<p class=\"paragraph article-body-paragraph article__item   \">Ce sommet non plus ne va rien changer sur le fond. La guerre va continuer, il y aura de nouvelles tentatives des Russes de forcer les Ukrainiens \u00e0 s\u2019asseoir \u00e0 la table des n\u00e9gociations \u00e0 Istanbul, en esp\u00e9rant que les Am\u00e9ricains feront pression sur eux pour qu\u2019ils soient plus souples. Mais si vous regardez les d\u00e9clarations de Trump, il a plusieurs fois soulign\u00e9 que la question des concessions territoriales doit \u00eatre discut\u00e9e entre Russes et Ukrainiens. Sur la question des fronti\u00e8res, il prend ses distances, il veut que les Europ\u00e9ens soient impliqu\u00e9s. Ce n\u2019est pas que veut Poutine. Il veut que Trump prenne son parti et oblige Kiev \u00e0 discuter sur la base du m\u00e9morandum d\u2019Istanbul [pr\u00e9sent\u00e9 par le Kremlin d\u00e9but juin, et r\u00e9clamant l\u2019annexion suppl\u00e9mentaire de quatre r\u00e9gions d\u2019Ukraine, le d\u00e9sarmement de son arm\u00e9e et le contr\u00f4le de sa diplomatie, NDLR], et que les Europ\u00e9ens l\u2019y aident, ou du moins, cessent de soutenir l\u2019Ukraine. Mais on voit que ce ne sera pas le cas. En fin de compte, Poutine n\u2019a pas gagn\u00e9 tant que \u00e7a, il n\u2019a pas vraiment mis Trump de son c\u00f4t\u00e9. Et je ne crois pas du tout \u00e0 la possibilit\u00e9 d\u2019une nouvelle rencontre en Russie.<\/p>\n<p><strong class=\"article-body-link-list__item text-gray-800 article-body-link-list__item--one-item\">LIRE AUSSI : <a class=\"article-body-link-list__item-link\" href=\"https:\/\/www.lexpress.fr\/societe\/donald-trump-victime-dun-kompromat-russe-vladimir-poutine-aurait-pu-dementir-mais-5ZC6VL2LDNDMTJ62ZBAEYTL66M\/\" target=\"_blank\" rel=\"noreferrer nofollow noopener\">Donald Trump victime d\u2019un kompromat russe ? \u00ab\u00a0Vladimir Poutine aurait pu d\u00e9mentir, mais\u2026\u00a0\u00bb<\/a><\/strong><\/p>\n<p class=\"paragraph article-body-paragraph article__item   \"><b>\u00c0 Istanbul, le chef de la d\u00e9l\u00e9gation russe Vladimir Medinski aurait d\u00e9clar\u00e9 \u00e0 ses interlocuteurs que la Russie est pr\u00eate \u00e0 faire la guerre pendant des d\u00e9cennies s\u2019il le faut. Est-ce encore le cas\u00a0?<\/b><\/p>\n<p class=\"paragraph article-body-paragraph article__item   \">Medinski dit vrai. Si la Russie doit faire la guerre, elle la fera aussi longtemps que n\u00e9cessaire. Pour Poutine, c\u2019est une guerre existentielle, il n\u2019y a pas d\u2019alternative \u00e0 la victoire, point final. Son probl\u00e8me, c\u2019est qu\u2019il ne veut pas faire la guerre. Elle lui co\u00fbte tr\u00e8s cher, c\u2019est le pire des sc\u00e9narios pour atteindre son objectif\u00a0: un accord avec les Occidentaux sur la s\u00e9curit\u00e9 de la Russie.<\/p>\n<p class=\"paragraph article-body-paragraph article__item   \"><b>Quels sont ses leviers de n\u00e9gociation pour atteindre cet accord\u00a0? Sur quels \u00e9l\u00e9ments Vladimir Poutine est-il pr\u00eat \u00e0 des concessions\u00a0?<\/b><\/p>\n<p class=\"paragraph article-body-paragraph article__item   \">Poutine n\u2019est pr\u00eat qu\u2019\u00e0 des concessions tactiques. Aucune garantie de la part de l\u2019OTAN ne lui semblera suffisante. En revanche, il a dit \u00e0 Anchorage que la Russie \u00e9tait pr\u00eate \u00e0 \u00e9voquer des garanties de s\u00e9curit\u00e9 pour l\u2019Ukraine, et sa d\u00e9l\u00e9gation a pr\u00e9sent\u00e9 une liste de pays qui pourraient \u00eatre ces garants. On y trouve selon lui des membres permanents du Conseil de S\u00e9curit\u00e9 de l\u2019ONU, mais aussi le Kazakhstan, la Bi\u00e9lorussie\u2026 C\u2019est tr\u00e8s \u00e9loign\u00e9 de ce que l\u2019Occident et l\u2019Ukraine pourraient accepter comme garanties de s\u00e9curit\u00e9. Poutine est pr\u00eat \u00e0 des concessions territoriales, \u00e0 retirer ses troupes des r\u00e9gions qu\u2019il n\u2019a pas annex\u00e9es formellement\u2026 mais il n\u2019y a pas eu de progr\u00e8s en ce sens lors du sommet.<\/p>\n<p class=\"paragraph article-body-paragraph article__item   \"><b>La nouvelle constitution que Vladimir Poutine a fait adopter en Russie ne l\u2019emp\u00eache-t-elle pas de faire ces concessions territoriales\u00a0?<\/b><\/p>\n<p class=\"paragraph article-body-paragraph article__item   \">La constitution mentionne les r\u00e9gions de Donetsk, Louhansk, Kherson et Zaporijia, mais elle ne dit rien des fronti\u00e8res de ces r\u00e9gions. Poutine est pr\u00eat \u00e0 un \u00ab\u00a0\u00e9change\u00a0\u00bb dans lequel il prendrait la totalit\u00e9 des r\u00e9gions de Donetsk et Louhansk, et uniquement ce que son arm\u00e9e contr\u00f4le dans les r\u00e9gions de Kherson et Zaporijia. \u00c7a ne lui posera pas de grands probl\u00e8mes en Russie. Bien s\u00fbr, il y aura des m\u00e9contents chez les ultranationalistes, mais le Kremlin sait comment les g\u00e9rer.<\/p>\n<p><strong class=\"article-body-link-list__item text-gray-800 article-body-link-list__item--one-item\">LIRE AUSSI : <a class=\"article-body-link-list__item-link\" href=\"https:\/\/www.lexpress.fr\/monde\/sommet-trump-poutine-en-alaska-le-partage-de-larctique-lautre-deal-en-jeu-JSKEVRSJ7JFZDNMYCFHQP6DU7Q\/\" target=\"_blank\" rel=\"noreferrer nofollow noopener\">Sommet Trump-Poutine en Alaska : le partage de l\u2019Arctique, l\u2019autre \u00ab\u00a0deal\u00a0\u00bb en jeu ?<\/a><\/strong><\/p>\n<p class=\"paragraph article-body-paragraph article__item   \"><b>Qu\u2019en sera-t-il d\u2019un hypoth\u00e9tique apr\u00e8s-guerre, dans une soci\u00e9t\u00e9 tr\u00e8s militaris\u00e9e et dans laquelle reviendront des centaines de milliers de v\u00e9t\u00e9rans\u00a0? Le Kremlin anticipe-t-il des probl\u00e8mes \u00e0 ce sujet\u00a0?<\/b><\/p>\n<p class=\"paragraph article-body-paragraph article__item   \">Bien s\u00fbr. C\u2019est le travail du bloc \u00ab\u00a0politique int\u00e9rieure\u00a0\u00bb de l\u2019administration pr\u00e9sidentielle, qui r\u00e9fl\u00e9chit depuis longtemps sur cette question. Mais pour Poutine ce n\u2019est pas un probl\u00e8me, il consid\u00e8re que la soci\u00e9t\u00e9 russe acceptera n\u2019importe quel r\u00e9sultat. Puisque \u00e0 ses yeux, aucune d\u00e9faite n\u2019est envisageable, le r\u00e9sultat sera un compromis acceptable pour la Russie, et il n\u2019aura aucun souci \u00e0 le faire accepter par la soci\u00e9t\u00e9 russe. Quant au probl\u00e8me de la r\u00e9int\u00e9gration des v\u00e9t\u00e9rans dans la soci\u00e9t\u00e9, il n\u2019est pas aussi important que certains le pensent. Le Kremlin aurait plut\u00f4t tendance \u00e0 sous-estimer les risques pos\u00e9s par le retour de centaines de milliers de personnes traumatis\u00e9es psychologiquement et physiquement. Mais en Russie, la moindre dissidence est \u00e9cras\u00e9e, le contr\u00f4le est si fort qu\u2019il n\u2019y aura pas de probl\u00e8me. Poutine veut mettre fin \u00e0 la guerre, il sait que le syst\u00e8me s\u2019y adaptera.<\/p>\n<p class=\"paragraph article-body-paragraph article__item   \"><b>Et qu\u2019en est-il de l\u2019\u00e9conomie russe, qui a \u00e9t\u00e9 maintenue \u00e0 flot par l\u2019industrie de d\u00e9fense\u00a0? Que se passera-t-il si elle cesse de produire des tanks\u00a0?<\/b><\/p>\n<p class=\"paragraph article-body-paragraph article__item    article__text__endpicto\">La Russie n\u2019arr\u00eatera pas de produire des tanks\u00a0! Il y aura bien s\u00fbr une diminution de la production, et celle-ci aura des cons\u00e9quences. Mais elles sont pr\u00e9vues et anticip\u00e9es. De toute fa\u00e7on, le niveau des d\u00e9penses militaires ne va pas chuter brusquement. D\u00e9j\u00e0, parce que Poutine a bien vu dans quel \u00e9tat r\u00e9el \u00e9tait son arm\u00e9e en f\u00e9vrier\u00a02022. \u00c7a a \u00e9t\u00e9 un vrai choc pour lui, maintenant il veut la moderniser. De plus, regardez la rh\u00e9torique dominante en Europe, tout le monde parle de se pr\u00e9parer \u00e0 la guerre contre la Russie. \u00c0 Moscou, personne ne se pr\u00e9pare \u00e0 la guerre contre l\u2019OTAN, \u00e7a n\u2019a jamais \u00e9t\u00e9 que des paroles en l\u2019air. Mais le Kremlin voit l\u2019Europe se r\u00e9armer, quand il voit les projets des Am\u00e9ricains, que ce soit le bouclier antimissile Golden Dome, ou le d\u00e9ploiement d\u2019armes strat\u00e9giques dans l\u2019Asie-Pacifique\u2026 et tout cela l\u2019inqui\u00e8te. Ce sont des sujets qu\u2019il faudra encore discuter avec Trump, si ces rencontres ont lieu.<\/p>\n<p>.<\/p>\n","protected":false},"excerpt":{"rendered":"\u00ab\u00a0Poutine et Trump se sont mis d\u2019accord pour se mettre d\u2019accord sur de futures discussions en vue d\u2019un&hellip;\n","protected":false},"author":2,"featured_media":323284,"comment_status":"","ping_status":"","sticky":false,"template":"","format":"standard","meta":{"footnotes":""},"categories":[1591],"tags":[11,674,1887,74,12,1885,1886,132],"class_list":{"0":"post-323283","1":"post","2":"type-post","3":"status-publish","4":"format-standard","5":"has-post-thumbnail","7":"category-russie","8":"tag-actualites","9":"tag-europe","10":"tag-federation-de-russie","11":"tag-monde","12":"tag-news","13":"tag-russia","14":"tag-russian-federation","15":"tag-russie"},"share_on_mastodon":{"url":"https:\/\/pubeurope.com\/@fr\/115039591856978976","error":""},"_links":{"self":[{"href":"https:\/\/www.europesays.com\/fr\/wp-json\/wp\/v2\/posts\/323283","targetHints":{"allow":["GET"]}}],"collection":[{"href":"https:\/\/www.europesays.com\/fr\/wp-json\/wp\/v2\/posts"}],"about":[{"href":"https:\/\/www.europesays.com\/fr\/wp-json\/wp\/v2\/types\/post"}],"author":[{"embeddable":true,"href":"https:\/\/www.europesays.com\/fr\/wp-json\/wp\/v2\/users\/2"}],"replies":[{"embeddable":true,"href":"https:\/\/www.europesays.com\/fr\/wp-json\/wp\/v2\/comments?post=323283"}],"version-history":[{"count":0,"href":"https:\/\/www.europesays.com\/fr\/wp-json\/wp\/v2\/posts\/323283\/revisions"}],"wp:featuredmedia":[{"embeddable":true,"href":"https:\/\/www.europesays.com\/fr\/wp-json\/wp\/v2\/media\/323284"}],"wp:attachment":[{"href":"https:\/\/www.europesays.com\/fr\/wp-json\/wp\/v2\/media?parent=323283"}],"wp:term":[{"taxonomy":"category","embeddable":true,"href":"https:\/\/www.europesays.com\/fr\/wp-json\/wp\/v2\/categories?post=323283"},{"taxonomy":"post_tag","embeddable":true,"href":"https:\/\/www.europesays.com\/fr\/wp-json\/wp\/v2\/tags?post=323283"}],"curies":[{"name":"wp","href":"https:\/\/api.w.org\/{rel}","templated":true}]}}