{"id":323287,"date":"2025-08-16T17:21:13","date_gmt":"2025-08-16T17:21:13","guid":{"rendered":"https:\/\/www.europesays.com\/fr\/323287\/"},"modified":"2025-08-16T17:21:13","modified_gmt":"2025-08-16T17:21:13","slug":"les-etats-unis-suspendent-la-delivrance-de-visas-temporaires-aux-habitants-de-gaza-16-08-2025-a-1814","status":"publish","type":"post","link":"https:\/\/www.europesays.com\/fr\/323287\/","title":{"rendered":"Les \u00c9tats-Unis suspendent la d\u00e9livrance de visas temporaires aux habitants de Gaza &#8211; 16\/08\/2025 \u00e0 18:14"},"content":{"rendered":"<p>\n par Jasper Ward\n<\/p>\n<p>\n Le d\u00e9partement d&rsquo;\u00c9tat<br \/>\nam\u00e9ricain a d\u00e9clar\u00e9 samedi qu&rsquo;il suspendait l&rsquo;octroi de tous les<br \/>\nvisas de s\u00e9jour temporaire aux personnes originaires de Gaza<br \/>\npendant qu&rsquo;il proc\u00e8de \u00e0 un examen \u00ab\u00a0complet et approfondi\u00a0\u00bb.\n<\/p>\n<p>\n Le d\u00e9partement a indiqu\u00e9 qu&rsquo;un \u00ab\u00a0petit nombre\u00a0\u00bb de visas<br \/>\ntemporaires \u00e0 caract\u00e8re m\u00e9dical et humanitaire avaient \u00e9t\u00e9<br \/>\nd\u00e9livr\u00e9s ces derniers jours, mais n&rsquo;a pas fourni de donn\u00e9es<br \/>\nchiffr\u00e9es.\n<\/p>\n<p>\n Les \u00c9tats-Unis ont d\u00e9livr\u00e9 plus de 3.800 visas de visiteur<br \/>\nB1\/B2, qui permettent aux \u00e9trangers de se faire soigner aux<br \/>\n\u00c9tats-Unis, \u00e0 des d\u00e9tenteurs du passeport de l&rsquo;Autorit\u00e9<br \/>\npalestinienne, selon une analyse des chiffres mensuels fournis<br \/>\nsur le site internet du minist\u00e8re. Ce chiffre comprend 640 visas<br \/>\nd\u00e9livr\u00e9s en mai.\n<\/p>\n<p>\n Cette d\u00e9cision du d\u00e9partement d&rsquo;\u00c9tat intervient apr\u00e8s que<br \/>\nLaura Loomer, militante d&rsquo;extr\u00eame droite et alli\u00e9e du pr\u00e9sident<br \/>\nDonald Trump, a d\u00e9clar\u00e9 vendredi sur les m\u00e9dias sociaux que des<br \/>\n\u00ab\u00a0r\u00e9fugi\u00e9s\u00a0\u00bb palestiniens \u00e9taient entr\u00e9s aux \u00c9tats-Unis ce<br \/>\nmois-ci.\n<\/p>\n<p>\n Cette d\u00e9claration a suscit\u00e9 l&rsquo;indignation de certains<br \/>\nr\u00e9publicains. Le repr\u00e9sentant Chip Roy, du Texas, a d\u00e9clar\u00e9<br \/>\nqu&rsquo;il se renseignerait sur la question et le repr\u00e9sentant Randy<br \/>\nFine, de Floride, l&rsquo;a qualifi\u00e9e de \u00ab\u00a0risque pour la s\u00e9curit\u00e9<br \/>\nnationale\u00a0\u00bb.\n<\/p>\n<p>\n Gaza a \u00e9t\u00e9 d\u00e9vast\u00e9e par la guerre d\u00e9clench\u00e9e le 7 octobre<br \/>\n2023, en r\u00e9ponse \u00e0 l&rsquo;attaque du Hamas contre le sud Isra\u00ebl, qui<br \/>\na fait 1.200 personnes et 251 otages, selon les chiffres<br \/>\nisra\u00e9liens.\n<\/p>\n<p>\n Depuis, l&rsquo;offensive isra\u00e9lienne \u00e0 Gaza a tu\u00e9 plus de 61.000<br \/>\nPalestiniens, selon les autorit\u00e9s sanitaires locales.\n<\/p>\n<p>\n Les \u00c9tats-Unis n&rsquo;ont pas dit s&rsquo;ils accepteraient les<br \/>\nPalestiniens d\u00e9plac\u00e9s par la guerre mais des sources ont d\u00e9clar\u00e9<br \/>\n\u00e0 Reuters que le Sud-Soudan et Isra\u00ebl discutaient d&rsquo;un plan pour<br \/>\nd\u00e9placer les Palestiniens de Gaza.\n<\/p>\n<p>\n (R\u00e9dig\u00e9 par Jasper Ward ; version fran\u00e7aise Kate Entringer)<\/p>\n","protected":false},"excerpt":{"rendered":"par Jasper Ward Le d\u00e9partement d&rsquo;\u00c9tat am\u00e9ricain a d\u00e9clar\u00e9 samedi qu&rsquo;il suspendait l&rsquo;octroi de tous les visas de&hellip;\n","protected":false},"author":2,"featured_media":2486,"comment_status":"","ping_status":"","sticky":false,"template":"","format":"standard","meta":{"footnotes":""},"categories":[1589],"tags":[400,11,398,408,405,73,1866,403,402,399,404,12,401,406,1864,1865,1863,308,407],"class_list":{"0":"post-323287","1":"post","2":"type-post","3":"status-publish","4":"format-standard","5":"has-post-thumbnail","7":"category-etats-unis","8":"tag-action-cac-40","9":"tag-actualites","10":"tag-bourse-de-paris","11":"tag-boursorama","12":"tag-cotations","13":"tag-etats-unis","14":"tag-etats-unis-damerique","15":"tag-indices-devises","16":"tag-investir","17":"tag-investissement","18":"tag-marche-boursier","19":"tag-news","20":"tag-sicav","21":"tag-trackers","22":"tag-united-states","23":"tag-united-states-of-america","24":"tag-us","25":"tag-usa","26":"tag-warrants"},"share_on_mastodon":{"url":"https:\/\/pubeurope.com\/@fr\/115039599584056361","error":""},"_links":{"self":[{"href":"https:\/\/www.europesays.com\/fr\/wp-json\/wp\/v2\/posts\/323287","targetHints":{"allow":["GET"]}}],"collection":[{"href":"https:\/\/www.europesays.com\/fr\/wp-json\/wp\/v2\/posts"}],"about":[{"href":"https:\/\/www.europesays.com\/fr\/wp-json\/wp\/v2\/types\/post"}],"author":[{"embeddable":true,"href":"https:\/\/www.europesays.com\/fr\/wp-json\/wp\/v2\/users\/2"}],"replies":[{"embeddable":true,"href":"https:\/\/www.europesays.com\/fr\/wp-json\/wp\/v2\/comments?post=323287"}],"version-history":[{"count":0,"href":"https:\/\/www.europesays.com\/fr\/wp-json\/wp\/v2\/posts\/323287\/revisions"}],"wp:featuredmedia":[{"embeddable":true,"href":"https:\/\/www.europesays.com\/fr\/wp-json\/wp\/v2\/media\/2486"}],"wp:attachment":[{"href":"https:\/\/www.europesays.com\/fr\/wp-json\/wp\/v2\/media?parent=323287"}],"wp:term":[{"taxonomy":"category","embeddable":true,"href":"https:\/\/www.europesays.com\/fr\/wp-json\/wp\/v2\/categories?post=323287"},{"taxonomy":"post_tag","embeddable":true,"href":"https:\/\/www.europesays.com\/fr\/wp-json\/wp\/v2\/tags?post=323287"}],"curies":[{"name":"wp","href":"https:\/\/api.w.org\/{rel}","templated":true}]}}