{"id":323290,"date":"2025-08-16T17:23:19","date_gmt":"2025-08-16T17:23:19","guid":{"rendered":"https:\/\/www.europesays.com\/fr\/323290\/"},"modified":"2025-08-16T17:23:19","modified_gmt":"2025-08-16T17:23:19","slug":"wolfsburg-atomise-hemelingen-9-0-leipzig-se-fait-peur-face-a-sandhausen","status":"publish","type":"post","link":"https:\/\/www.europesays.com\/fr\/323290\/","title":{"rendered":"Wolfsburg atomise Hemelingen 9-0, Leipzig se fait peur face \u00e0 Sandhausen"},"content":{"rendered":"<p>La Coupe d\u2019Allemagne faisait son grand retour ce week-end et les premi\u00e8res rencontres ont d\u00e9j\u00e0 offert leur lot de buts. Apr\u00e8s les succ\u00e8s de Hambourg et de Bochum plus t\u00f4t dans la journ\u00e9e, Wolfsburg a litt\u00e9ralement surclass\u00e9 Hemelingen avec un retentissant 9-0. Un festival offensif qui illustre parfaitement la ma\u00eetrise des hommes de Paul Simonis, auteurs de la victoire la plus large de la journ\u00e9e, et sans doute du week-end. Dans le m\u00eame temps, <a href=\"https:\/\/www.footmercato.net\/club\/tsg-1899-hoffenheim\/\" rel=\"nofollow noopener\" target=\"_blank\">Hoffenheim<\/a> a fait preuve de s\u00e9rieux pour disposer de Rostock (4-0), confirmant son statut.<\/p>\n<p>            La suite apr\u00e8s cette publicit\u00e9<\/p>\n<p>Leipzig, de son c\u00f4t\u00e9, a eu plus de difficult\u00e9s pour se d\u00e9faire de Sandhausen. Les visiteurs ne sont remont\u00e9s au score qu\u2019en toute fin de match, gr\u00e2ce \u00e0 un but d\u2019Ezechiel Banzuzi \u00e0 la 79\u1d49 minute, servi par une passe d\u00e9cisive de Lukeba, permettant au club de s\u2019imposer 4-2. <a href=\"https:\/\/www.footmercato.net\/allemagne\/coupe-dallemagne\/calendrier\/\" rel=\"nofollow noopener\" target=\"_blank\">D\u00e8s demain, Francfort et M\u2019gladbach feront leur entr\u00e9e en lice<\/a>. Dortmund devra patienter jusqu\u2019au lundi 18 ao\u00fbt pour d\u00e9buter, tandis que le Bayern Munich ne commencera sa campagne que le 27.<\/p>\n<p>\n    Pub. le 16\/08\/2025 17:30<br \/>\n            &#8211; MAJ le 16\/08\/2025 17:33\n    <\/p>\n","protected":false},"excerpt":{"rendered":"La Coupe d\u2019Allemagne faisait son grand retour ce week-end et les premi\u00e8res rencontres ont d\u00e9j\u00e0 offert leur lot&hellip;\n","protected":false},"author":2,"featured_media":323291,"comment_status":"","ping_status":"","sticky":false,"template":"","format":"standard","meta":{"footnotes":""},"categories":[1587],"tags":[11,672,1804,1805,1803,1777,674,1801,12,1802],"class_list":{"0":"post-323290","1":"post","2":"type-post","3":"status-publish","4":"format-standard","5":"has-post-thumbnail","7":"category-allemagne","8":"tag-actualites","9":"tag-allemagne","10":"tag-bundesrepublik-deutschland","11":"tag-de","12":"tag-deutschland","13":"tag-eu","14":"tag-europe","15":"tag-germany","16":"tag-news","17":"tag-republique-federale-dallemagne"},"share_on_mastodon":{"url":"https:\/\/pubeurope.com\/@fr\/115039607381317968","error":""},"_links":{"self":[{"href":"https:\/\/www.europesays.com\/fr\/wp-json\/wp\/v2\/posts\/323290","targetHints":{"allow":["GET"]}}],"collection":[{"href":"https:\/\/www.europesays.com\/fr\/wp-json\/wp\/v2\/posts"}],"about":[{"href":"https:\/\/www.europesays.com\/fr\/wp-json\/wp\/v2\/types\/post"}],"author":[{"embeddable":true,"href":"https:\/\/www.europesays.com\/fr\/wp-json\/wp\/v2\/users\/2"}],"replies":[{"embeddable":true,"href":"https:\/\/www.europesays.com\/fr\/wp-json\/wp\/v2\/comments?post=323290"}],"version-history":[{"count":0,"href":"https:\/\/www.europesays.com\/fr\/wp-json\/wp\/v2\/posts\/323290\/revisions"}],"wp:featuredmedia":[{"embeddable":true,"href":"https:\/\/www.europesays.com\/fr\/wp-json\/wp\/v2\/media\/323291"}],"wp:attachment":[{"href":"https:\/\/www.europesays.com\/fr\/wp-json\/wp\/v2\/media?parent=323290"}],"wp:term":[{"taxonomy":"category","embeddable":true,"href":"https:\/\/www.europesays.com\/fr\/wp-json\/wp\/v2\/categories?post=323290"},{"taxonomy":"post_tag","embeddable":true,"href":"https:\/\/www.europesays.com\/fr\/wp-json\/wp\/v2\/tags?post=323290"}],"curies":[{"name":"wp","href":"https:\/\/api.w.org\/{rel}","templated":true}]}}