{"id":323292,"date":"2025-08-16T17:24:20","date_gmt":"2025-08-16T17:24:20","guid":{"rendered":"https:\/\/www.europesays.com\/fr\/323292\/"},"modified":"2025-08-16T17:24:20","modified_gmt":"2025-08-16T17:24:20","slug":"unique-en-europe-lorgue-skinner-est-un-immanquable-du-domaine-de-cande-a-monts","status":"publish","type":"post","link":"https:\/\/www.europesays.com\/fr\/323292\/","title":{"rendered":"Unique en Europe, l\u2019orgue Skinner est un immanquable du domaine de Cand\u00e9, \u00e0 Monts"},"content":{"rendered":"<p>Dans le cadre des visites th\u00e9matiques organis\u00e9es par le domaine de Cand\u00e9, propri\u00e9t\u00e9 du D\u00e9partement, les visiteurs pourront d\u00e9couvrir le magnifique orgue\u00a0Skinner, ce dimanche 17\u00a0ao\u00fbt 2025, de 14\u00a0h \u00e0 15\u00a0h\u00a030. \u00ab\u00a0Ces visites sp\u00e9cifiques permettent de d\u00e9couvrir davantage de choses qu\u2019une visite traditionnelle\u00a0\u00bb, souligne la direction du domaine. Cet instrument monumental est le seul en Europe et l\u2019un des trois derniers au monde&amp;nbs&#8230; <\/p>\n<p>    Cet article a \u00e9t\u00e9 tronqu\u00e9. Abonnez-vous pour lire l&rsquo;article complet sur notre site.<\/p>\n<p style=\"margin: 0 !important; padding: 0 !important; font-size: 12px !important;\">Cet article a \u00e9t\u00e9 tronqu\u00e9. Abonnez-vous pour lire l&rsquo;article complet.<\/p>\n<p>    <a href=\"https:\/\/www.lanouvellerepublique.fr\/abonnements\" style=\"display: inline-block; margin-top: 5px !important; padding: 6px 12px !important; background: #cb1c27; color: white; text-decoration: none; border-radius: 4px; font-size: 12px !important;\" target=\"_blank\" rel=\"noopener\"><br \/>\n      S&rsquo;abonner<br \/>\n    <\/a><\/p>\n","protected":false},"excerpt":{"rendered":"Dans le cadre des visites th\u00e9matiques organis\u00e9es par le domaine de Cand\u00e9, propri\u00e9t\u00e9 du D\u00e9partement, les visiteurs pourront&hellip;\n","protected":false},"author":2,"featured_media":323293,"comment_status":"","ping_status":"","sticky":false,"template":"","format":"standard","meta":{"footnotes":""},"categories":[1586],"tags":[11,1674,1777,674,1011,27,1393,30042,1698,12,2551,25],"class_list":{"0":"post-323292","1":"post","2":"type-post","3":"status-publish","4":"format-standard","5":"has-post-thumbnail","7":"category-europe","8":"tag-actualites","9":"tag-communes","10":"tag-eu","11":"tag-europe","12":"tag-fr","13":"tag-france","14":"tag-loisirs","15":"tag-monts","16":"tag-musiques","17":"tag-news","18":"tag-patrimoine","19":"tag-republique-francaise"},"share_on_mastodon":{"url":"https:\/\/pubeurope.com\/@fr\/115039611339256871","error":""},"_links":{"self":[{"href":"https:\/\/www.europesays.com\/fr\/wp-json\/wp\/v2\/posts\/323292","targetHints":{"allow":["GET"]}}],"collection":[{"href":"https:\/\/www.europesays.com\/fr\/wp-json\/wp\/v2\/posts"}],"about":[{"href":"https:\/\/www.europesays.com\/fr\/wp-json\/wp\/v2\/types\/post"}],"author":[{"embeddable":true,"href":"https:\/\/www.europesays.com\/fr\/wp-json\/wp\/v2\/users\/2"}],"replies":[{"embeddable":true,"href":"https:\/\/www.europesays.com\/fr\/wp-json\/wp\/v2\/comments?post=323292"}],"version-history":[{"count":0,"href":"https:\/\/www.europesays.com\/fr\/wp-json\/wp\/v2\/posts\/323292\/revisions"}],"wp:featuredmedia":[{"embeddable":true,"href":"https:\/\/www.europesays.com\/fr\/wp-json\/wp\/v2\/media\/323293"}],"wp:attachment":[{"href":"https:\/\/www.europesays.com\/fr\/wp-json\/wp\/v2\/media?parent=323292"}],"wp:term":[{"taxonomy":"category","embeddable":true,"href":"https:\/\/www.europesays.com\/fr\/wp-json\/wp\/v2\/categories?post=323292"},{"taxonomy":"post_tag","embeddable":true,"href":"https:\/\/www.europesays.com\/fr\/wp-json\/wp\/v2\/tags?post=323292"}],"curies":[{"name":"wp","href":"https:\/\/api.w.org\/{rel}","templated":true}]}}