{"id":323302,"date":"2025-08-16T17:29:18","date_gmt":"2025-08-16T17:29:18","guid":{"rendered":"https:\/\/www.europesays.com\/fr\/323302\/"},"modified":"2025-08-16T17:29:18","modified_gmt":"2025-08-16T17:29:18","slug":"clement-guichard-simpose-aux-pays-bas-et-prend-une-serieuse-option-sur-la-montee","status":"publish","type":"post","link":"https:\/\/www.europesays.com\/fr\/323302\/","title":{"rendered":"Cl\u00e9ment Guichard s\u2019impose aux Pays-Bas et prend une s\u00e9rieuse option sur la mont\u00e9e"},"content":{"rendered":"<p>\t\t\t\t\t\t<img width=\"770\" height=\"556\" src=\"https:\/\/www.europesays.com\/fr\/wp-content\/uploads\/2025\/08\/mathieulegendrepgt-770x556.jpeg\" class=\"img-responsive wp-post-image\" alt=\"\" decoding=\"async\" fetchpriority=\"high\"  \/>\t\t\t\t\t<\/p>\n<p>\t\t\t\t\t\t Partager cet article <\/p>\n<p class=\"screen-reader-text juiz_sps_maybe_hidden_text\">Partager la publication \u00ab\u00a0Cl\u00e9ment Guichard s\u2019impose aux Pays-Bas et prend une s\u00e9rieuse option sur la mont\u00e9e\u00a0\u00bb<\/p>\n<p><strong>Performance majuscule pour Cl\u00e9ment Guichard ! Le Normand s\u2019est impos\u00e9 avec cinq coups d\u2019avance gr\u00e2ce \u00e0 trois cartes r\u00e9guli\u00e8res (65-65-64). \u00c0 six tournois de la fin de la saison, il marque de tr\u00e8s gros points en vue de la mont\u00e9e sur l\u2019HotelPlanner Tour (ex-Challenge Tour).<\/strong><\/p>\n<p>\t\t\t\t\t<a id=\"181442\" href=\"https:\/\/www.formigolf.fr\/voyage-pays~fairplay_golf__spa_resort_5etoiles_cadiz~199~espagne\" target=\"_blank\" rel=\"sponsorised nofollow noopener\"><img decoding=\"async\" src=\"data:image\/svg+xml,%3Csvg%20xmlns=\" http:=\"\" class=\"img-responsive\" alt=\"\" data-lazy-src=\"https:\/\/www.europesays.com\/fr\/wp-content\/uploads\/2025\/08\/formigolf-e08-andalousie-cadiz-1170x275-1.gif\"\/><\/a><\/p>\n<p><strong>H.D.<\/strong><\/p>\n<p>Victorieux \u00e0 la mi-avril en Egypte, <strong>Cl\u00e9ment Guichard<\/strong> a r\u00e9cidiv\u00e9 cette semaine dans le nord des Pay-Bas. Le natif de Longueville-sur-Scie (76) a domin\u00e9 le <strong>Staan Open<\/strong>, premi\u00e8re des trois \u00e9tapes du Dutch swing, en se montrant ultra-r\u00e9gulier. Dauphin avec un coup de retard sur l\u2019Allemand <strong>Nils Dobrunz<\/strong>, le Fran\u00e7ais s\u2019est empar\u00e9 de la t\u00eate vendredi avec un deuxi\u00e8me 65 (-6). Loin de ralentir, il n\u2019a laiss\u00e9 aucune chance \u00e0 ses adversaires ce samedi.<\/p>\n<p><a href=\"https:\/\/www.progolftour.de\/index.php\/livescoring-en\" target=\"_blank\" rel=\"noopener nofollow\">Retrouvez le leaderboard complet<\/a><\/p>\n<p>Malgr\u00e9 deux bogeys au 5 et au 12, il signe l\u2019une des meilleures cartes de sa semaine (64) pour s\u2019imposer avec six coups d\u2019avance sur un quintet de joueurs allemands (<strong>Lukas Gras<\/strong>, <strong>Nils Dobrunz<\/strong>, <strong>Nicolas Horder<\/strong>) et\u00a0n\u00e9erlandais (<strong>Mike Toorop<\/strong> et <strong>Tim van der Steen<\/strong>).<\/p>\n<p>Un troisi\u00e8me succ\u00e8s en carri\u00e8re qui va lui permettre de prendre <a href=\"https:\/\/www.progolftour.de\/index.php\/order-of-merit-en\" target=\"_blank\" rel=\"noopener nofollow\">la t\u00eate de l\u2019ordre du m\u00e9rite<\/a> avec 3 000 points d\u2019avance sur <strong>Michael Hirmer<\/strong>, et avec encore six tournois \u00e0 disputer. Autre membre du top 5 de la saison, <strong>Lars van der Vight<\/strong> n\u2019est que 27e ex aequo.\u00a0On rappelle que les cinq premi\u00e8res places offrent un s\u00e9same pour l\u2019<strong>HotelPlanner Tour<\/strong>.<\/p>\n<p>\t\t\t\t\t<a id=\"177181\" href=\"http:\/\/charleskent-golf.com\/andalucia-majors\/\" target=\"_blank\" rel=\"sponsorised nofollow noopener\"><img decoding=\"async\" src=\"data:image\/svg+xml,%3Csvg%20xmlns=\" http:=\"\" class=\"img-responsive\" alt=\"\" data-lazy-src=\"https:\/\/www.europesays.com\/fr\/wp-content\/uploads\/2025\/06\/charleskent-e03-andalucia-majors-1170x275-1.gif\"\/><\/a><br \/>\nLes bons comptes de Louis Bonte<\/p>\n<p>Autre Fran\u00e7ais en forme, <strong>Louis Bonte<\/strong> signe un second top 10. Huiti\u00e8me ex aequo, c\u2019est sa deuxi\u00e8me meilleure performance apr\u00e8s sa cinqui\u00e8me place au <strong>Little Venice Red Sea Open<\/strong> en Egypte le 10 avril.\u00a0<\/p>\n<p><strong>Julien Lebrere<\/strong> termine 15e, \u00e0 deux coups du top 10. \u00c0 la 27e place, on trouve <strong>Antoine Bachelier<\/strong>, <strong>Claude Churchward<\/strong> et <strong>Antoine<\/strong> <strong>Pouguet<\/strong>. <strong>Pierre Rabassa<\/strong> est 33e devant <strong>Raphael le Bot<\/strong> et <strong>Victor Tr\u00e9het<\/strong>, 35es. <strong>Mathias Gunzel<\/strong> est le dernier tricolore \u00e0 inscrire des points.<\/p>\n<p>Les deux prochains rendez-vous du <strong>Pro Golf Tour<\/strong> auront toujours lieu aux Pays-Bas. Du 20 au 22 ao\u00fbt pour le <strong>Mono Gelpenberg<\/strong> \u00e0 Aalden et du 26 au 28 ao\u00fbt pour le <strong>Stippelberg Open<\/strong>.\u00a0<\/p>\n<p>Le leaderboard<\/p>\n<p><img loading=\"lazy\" decoding=\"async\" class=\"alignnone wp-image-182418 size-large\" src=\"data:image\/svg+xml,%3Csvg%20xmlns=\" http:=\"\" alt=\"\" width=\"770\" height=\"548\" data-lazy- data-lazy- data-lazy-src=\"https:\/\/www.europesays.com\/fr\/wp-content\/uploads\/2025\/08\/capture1progolftour-770x548.jpg\"\/><\/p>\n<p>\t\t\t\t\t<a id=\"181417\" href=\"https:\/\/cabotbordeaux.com\/fr\/booking\/training-golf\" target=\"_blank\" rel=\"sponsorised nofollow noopener\"><img decoding=\"async\" src=\"data:image\/svg+xml,%3Csvg%20xmlns=\" http:=\"\" class=\"img-responsive\" alt=\"\" data-lazy-src=\"https:\/\/www.europesays.com\/fr\/wp-content\/uploads\/2025\/08\/cabot-e04-stage-septembre-1170x275-1.gif\"\/><\/a><\/p>\n<p>Photo : Pro Golf Tour<\/p>\n","protected":false},"excerpt":{"rendered":"Partager cet article Partager la publication \u00ab\u00a0Cl\u00e9ment Guichard s\u2019impose aux Pays-Bas et prend une s\u00e9rieuse option sur la&hellip;\n","protected":false},"author":2,"featured_media":323303,"comment_status":"","ping_status":"","sticky":false,"template":"","format":"standard","meta":{"footnotes":""},"categories":[1418],"tags":[1011,27,1472,60],"class_list":{"0":"post-323302","1":"post","2":"type-post","3":"status-publish","4":"format-standard","5":"has-post-thumbnail","7":"category-golf","8":"tag-fr","9":"tag-france","10":"tag-golf","11":"tag-sports"},"share_on_mastodon":{"url":"https:\/\/pubeurope.com\/@fr\/115039631016834790","error":""},"_links":{"self":[{"href":"https:\/\/www.europesays.com\/fr\/wp-json\/wp\/v2\/posts\/323302","targetHints":{"allow":["GET"]}}],"collection":[{"href":"https:\/\/www.europesays.com\/fr\/wp-json\/wp\/v2\/posts"}],"about":[{"href":"https:\/\/www.europesays.com\/fr\/wp-json\/wp\/v2\/types\/post"}],"author":[{"embeddable":true,"href":"https:\/\/www.europesays.com\/fr\/wp-json\/wp\/v2\/users\/2"}],"replies":[{"embeddable":true,"href":"https:\/\/www.europesays.com\/fr\/wp-json\/wp\/v2\/comments?post=323302"}],"version-history":[{"count":0,"href":"https:\/\/www.europesays.com\/fr\/wp-json\/wp\/v2\/posts\/323302\/revisions"}],"wp:featuredmedia":[{"embeddable":true,"href":"https:\/\/www.europesays.com\/fr\/wp-json\/wp\/v2\/media\/323303"}],"wp:attachment":[{"href":"https:\/\/www.europesays.com\/fr\/wp-json\/wp\/v2\/media?parent=323302"}],"wp:term":[{"taxonomy":"category","embeddable":true,"href":"https:\/\/www.europesays.com\/fr\/wp-json\/wp\/v2\/categories?post=323302"},{"taxonomy":"post_tag","embeddable":true,"href":"https:\/\/www.europesays.com\/fr\/wp-json\/wp\/v2\/tags?post=323302"}],"curies":[{"name":"wp","href":"https:\/\/api.w.org\/{rel}","templated":true}]}}