{"id":323305,"date":"2025-08-16T17:32:10","date_gmt":"2025-08-16T17:32:10","guid":{"rendered":"https:\/\/www.europesays.com\/fr\/323305\/"},"modified":"2025-08-16T17:32:10","modified_gmt":"2025-08-16T17:32:10","slug":"wta-querrey-sen-prend-a-osaka-ne-peut-elle-pas-se-comporter-comme-un-adulte-pendant-cinq-minutes","status":"publish","type":"post","link":"https:\/\/www.europesays.com\/fr\/323305\/","title":{"rendered":"WTA > Querrey s\u2019en prend \u00e0 Osaka : \u00ab\u00a0Ne peut-elle pas se comporter comme un adulte pendant cinq\u00a0minutes\u00a0?\u00a0\u00bb"},"content":{"rendered":"<p><a href=\"https:\/\/www.welovetennis.fr\/wta\/wta-montreal\/naomi-osaka-sexcuse-mais-ca-ne-pardonne-pas-tout-jai-completement-oublie-de-la-feliciter-sur-le-court\" data-wpel-link=\"internal\" target=\"_blank\" rel=\"noopener\">L\u2019\u00e9pisode de Naomi Osaka lors de la c\u00e9r\u00e9\u00admonie d\u2019apr\u00e8s\u2010match<\/a> contre Viktoria Mboko \u00e0 Montr\u00e9al a fait couler beau\u00adcoup d\u2019encre.<\/p>\n<p>De nombreuses person\u00adna\u00adlit\u00e9s du tennis n\u2019ont pas manqu\u00e9 de r\u00e9agir \u00e0 cette situation.\u00a0<\/p>\n<p>Derni\u00e8rement, Sam Querrey, d\u00e9sor\u00admais retrait\u00e9, s\u2019est exprim\u00e9 dans des propos relay\u00e9s par <a href=\"https:\/\/www.tennis365.com\/tennis-news\/naomi-osaka-lambasted-victoria-mboko-speech-controversy-sam-querrey\" data-wpel-link=\"external\" target=\"_blank\" rel=\"nofollow external noopener\">Tennis 365<\/a>\u00a0:<\/p>\n<p><strong>\u00ab\u202fOsaka ne peut\u2010elle pas se comporter comme une adulte pendant cinq minutes\u202f? Juste faire un beau discours, faire semblant une minute, puis rentrer aux vestiaires. \u00c7a me rend dingue.\u202f\u00bb<\/strong><\/p>\n<p>Des propos qui n\u2019\u00e9pargnent pas la Japonaise.<\/p>\n<p>On suivra d\u00e9sor\u00admais avec atten\u00adtion le parcours de Naomi Osaka \u00e0 l\u2019US Open, tr\u00e8s attendu apr\u00e8s sa finale au Canada.<\/p>\n<p class=\"post-published-date\" style=\"color: silver; font-size: 75%; text-align: left;\">Publi\u00e9 le samedi 16 ao\u00fbt 2025 \u00e0 18:45<\/p>\n","protected":false},"excerpt":{"rendered":"L\u2019\u00e9pisode de Naomi Osaka lors de la c\u00e9r\u00e9\u00admonie d\u2019apr\u00e8s\u2010match contre Viktoria Mboko \u00e0 Montr\u00e9al a fait couler beau\u00adcoup&hellip;\n","protected":false},"author":2,"featured_media":304821,"comment_status":"","ping_status":"","sticky":false,"template":"","format":"standard","meta":{"footnotes":""},"categories":[1415],"tags":[1011,27,8447,60,1467],"class_list":{"0":"post-323305","1":"post","2":"type-post","3":"status-publish","4":"format-standard","5":"has-post-thumbnail","7":"category-tennis","8":"tag-fr","9":"tag-france","10":"tag-osaka","11":"tag-sports","12":"tag-tennis"},"share_on_mastodon":{"url":"https:\/\/pubeurope.com\/@fr\/115039642746145460","error":""},"_links":{"self":[{"href":"https:\/\/www.europesays.com\/fr\/wp-json\/wp\/v2\/posts\/323305","targetHints":{"allow":["GET"]}}],"collection":[{"href":"https:\/\/www.europesays.com\/fr\/wp-json\/wp\/v2\/posts"}],"about":[{"href":"https:\/\/www.europesays.com\/fr\/wp-json\/wp\/v2\/types\/post"}],"author":[{"embeddable":true,"href":"https:\/\/www.europesays.com\/fr\/wp-json\/wp\/v2\/users\/2"}],"replies":[{"embeddable":true,"href":"https:\/\/www.europesays.com\/fr\/wp-json\/wp\/v2\/comments?post=323305"}],"version-history":[{"count":0,"href":"https:\/\/www.europesays.com\/fr\/wp-json\/wp\/v2\/posts\/323305\/revisions"}],"wp:featuredmedia":[{"embeddable":true,"href":"https:\/\/www.europesays.com\/fr\/wp-json\/wp\/v2\/media\/304821"}],"wp:attachment":[{"href":"https:\/\/www.europesays.com\/fr\/wp-json\/wp\/v2\/media?parent=323305"}],"wp:term":[{"taxonomy":"category","embeddable":true,"href":"https:\/\/www.europesays.com\/fr\/wp-json\/wp\/v2\/categories?post=323305"},{"taxonomy":"post_tag","embeddable":true,"href":"https:\/\/www.europesays.com\/fr\/wp-json\/wp\/v2\/tags?post=323305"}],"curies":[{"name":"wp","href":"https:\/\/api.w.org\/{rel}","templated":true}]}}