{"id":323306,"date":"2025-08-16T17:34:10","date_gmt":"2025-08-16T17:34:10","guid":{"rendered":"https:\/\/www.europesays.com\/fr\/323306\/"},"modified":"2025-08-16T17:34:10","modified_gmt":"2025-08-16T17:34:10","slug":"il-ny-a-rien-qui-va","status":"publish","type":"post","link":"https:\/\/www.europesays.com\/fr\/323306\/","title":{"rendered":"Il n&rsquo;y a rien qui va"},"content":{"rendered":"<p>D\u00e9sabus\u00e9, si ce n&rsquo;est blas\u00e9, <a href=\"https:\/\/fr.motorsport.com\/driver\/fabio-quartararo\/109400\/\" target=\"_blank\" rel=\"noopener\">Fabio Quartararo<\/a> ne sait plus trop comment d\u00e9briefer ses performances. Dans un week-end o\u00f9, pour la premi\u00e8re fois de la saison, il n&rsquo;a pas particip\u00e9 \u00e0 la Q2, les mots commencent \u00e0 manquer pour d\u00e9crire une situation inextricable. \u00ab\u00a0Il n&rsquo;y a rien qui va ce week-end\u00a0\u00bb, r\u00e9sume-t-il \u00e0 l&rsquo;issue d&rsquo;un <a href=\"https:\/\/fr.motorsport.com\/motogp\/results\/2025\/gp-dautriche-654411\/?st=SPR\" target=\"_self\" rel=\"noopener\">sprint conclu \u00e0 la 11e place<\/a>.\u00a0<\/p>\n<p>Aux portes du top 10, le Fran\u00e7ais fait pourtant encore illusion alors qu&rsquo;il s&rsquo;\u00e9tait \u00e9lanc\u00e9 16e. Car les autres pensionnaires du giron Yamaha sont encore plus distanc\u00e9s, occupant les trois derni\u00e8res places sous le drapeau \u00e0 damier. \u00ab\u00a0On voit le classement des autres Yamaha, on voit qu&rsquo;on est au fin fond du classement\u00a0\u00bb, fait-il remarquer au micro de Canal+. \u00ab\u00a0On donne le maximum, on essaie de trouver de bonnes informations, mais on voit que, clairement, on est tr\u00e8s loin sur ce circuit.\u00a0\u00bb<\/p>\n<blockquote>\n<p>M\u00eame le contr\u00f4le de stabilit\u00e9 qui a \u00e9t\u00e9 introduit ici, on ne peut pas l&rsquo;utiliser parce qu&rsquo;on ne sait pas l&rsquo;utiliser&#8230;<\/p>\n<\/blockquote>\n<p>Devant la presse internationale, Fabio Quartararo tente de d\u00e9crire ce qu&rsquo;il vit sur une machine qui \u00ab\u00a0n&rsquo;a pas le potentiel pour d\u00e9passer\u00a0\u00bb,\u00a0au\u00a0Red Bull Ring encore plus qu&rsquo;ailleurs\u00a0: \u00ab\u00a0Au virage 3, j&rsquo;ai pass\u00e9 Morbidelli, au d\u00e9but il y a toujours un peu de monde, etc&#8230; Et en mettant premi\u00e8re, deuxi\u00e8me, troisi\u00e8me, il est pass\u00e9 \u00e0 l&rsquo;ext\u00e9rieur comme si de rien n&rsquo;\u00e9tait. Il nous manque clairement de la performance\u00a0\u00bb.<\/p>\n<p>Sauf que la qu\u00eate d&rsquo;une solution \u00e0 court terme prend encore et toujours des allures de mirage, le remaniement technique n\u00e9cessaire s&rsquo;av\u00e9rant plus profond. \u00ab\u00a0On teste, mais au final, c&rsquo;est comme si on ne changeait rien, parce que ce sont toujours les m\u00eames probl\u00e8mes\u00a0\u00bb, peste le pilote tricolore. \u00ab\u00a0En plus on est quatre, chacun essaie quelque chose, personne ne trouve aucune diff\u00e9rence. Je pense que \u00e7a ne sert \u00e0 rien de vraiment changer \u00e9norm\u00e9ment de choses.\u00a0\u00bb<\/p>\n<p>M\u00eame ce qui aurait pu \u00eatre un petit coup de pouce ce week-end, avec l&rsquo;introduction d&rsquo;une <a href=\"https:\/\/fr.motorsport.com\/all\/news\/controle-stabilite-debat-glissades-chutes\/10750681\/\" target=\"_blank\" rel=\"noopener\">mise \u00e0 jour logicielle sur le syst\u00e8me \u00e9lectronique<\/a> commun \u00e0 toutes les machines MotoGP, tourne \u00e0 la prise de t\u00eate dans le clan Yamaha. \u00ab\u00a0On change \u00e9norm\u00e9ment de choses sur l&rsquo;\u00e9lectronique, mais m\u00eame le contr\u00f4le de stabilit\u00e9 qui a \u00e9t\u00e9 introduit ici, on ne peut pas l&rsquo;utiliser parce qu&rsquo;on ne sait pas l&rsquo;utiliser\u00a0\u00bb, l\u00e2che Fabio Quartararo dans un rire nerveux.<\/p>\n<p><img decoding=\"async\" class=\"sizer\" draggable=\"false\" src=\"data:image\/png;base64,iVBORw0KGgoAAAANSUhEUgAAABAAAAAJCAYAAAA7KqwyAAAAGXRFWHRTb2Z0d2FyZQBBZG9iZSBJbWFnZVJlYWR5ccllPAAAABpJREFUeNpi\/P\/\/PwMlgImBQjBqwLAwACDAAOVfAw9\/ZDvcAAAAAElFTkSuQmCC\" alt=\"\" loading=\"lazy\"\/><\/p>\n<p class=\"title\">VID\u00c9O &#8211; R\u00c9SUM\u00c9 : La course sprint au GP d&rsquo;Autriche<\/p>\n<p>Lire aussi :<\/p>\n<p>Dans cet article<\/p>\n<p>Soyez le premier inform\u00e9 et souscrivez aux alertes mails pour recevoir les infos en temps r\u00e9el<\/p>\n<p>    S&rsquo;abonner aux alertes de news<\/p>\n","protected":false},"excerpt":{"rendered":"D\u00e9sabus\u00e9, si ce n&rsquo;est blas\u00e9, Fabio Quartararo ne sait plus trop comment d\u00e9briefer ses performances. Dans un week-end&hellip;\n","protected":false},"author":2,"featured_media":323307,"comment_status":"","ping_status":"","sticky":false,"template":"","format":"standard","meta":{"footnotes":""},"categories":[1413],"tags":[1680,1011,27,34489,1457,1456,1458,46071,34490,60,3796],"class_list":{"0":"post-323306","1":"post","2":"type-post","3":"status-publish","4":"format-standard","5":"has-post-thumbnail","7":"category-moto","8":"tag-fabio-quartararo","9":"tag-fr","10":"tag-france","11":"tag-gp-dautriche","12":"tag-moto","13":"tag-motocycle","14":"tag-motogp","15":"tag-quartararo-il-ny-a-rien-qui-va","16":"tag-red-bull-ring","17":"tag-sports","18":"tag-yamaha-factory-racing"},"share_on_mastodon":{"url":"https:\/\/pubeurope.com\/@fr\/115039650639574040","error":""},"_links":{"self":[{"href":"https:\/\/www.europesays.com\/fr\/wp-json\/wp\/v2\/posts\/323306","targetHints":{"allow":["GET"]}}],"collection":[{"href":"https:\/\/www.europesays.com\/fr\/wp-json\/wp\/v2\/posts"}],"about":[{"href":"https:\/\/www.europesays.com\/fr\/wp-json\/wp\/v2\/types\/post"}],"author":[{"embeddable":true,"href":"https:\/\/www.europesays.com\/fr\/wp-json\/wp\/v2\/users\/2"}],"replies":[{"embeddable":true,"href":"https:\/\/www.europesays.com\/fr\/wp-json\/wp\/v2\/comments?post=323306"}],"version-history":[{"count":0,"href":"https:\/\/www.europesays.com\/fr\/wp-json\/wp\/v2\/posts\/323306\/revisions"}],"wp:featuredmedia":[{"embeddable":true,"href":"https:\/\/www.europesays.com\/fr\/wp-json\/wp\/v2\/media\/323307"}],"wp:attachment":[{"href":"https:\/\/www.europesays.com\/fr\/wp-json\/wp\/v2\/media?parent=323306"}],"wp:term":[{"taxonomy":"category","embeddable":true,"href":"https:\/\/www.europesays.com\/fr\/wp-json\/wp\/v2\/categories?post=323306"},{"taxonomy":"post_tag","embeddable":true,"href":"https:\/\/www.europesays.com\/fr\/wp-json\/wp\/v2\/tags?post=323306"}],"curies":[{"name":"wp","href":"https:\/\/api.w.org\/{rel}","templated":true}]}}