{"id":323308,"date":"2025-08-16T17:35:36","date_gmt":"2025-08-16T17:35:36","guid":{"rendered":"https:\/\/www.europesays.com\/fr\/323308\/"},"modified":"2025-08-16T17:35:36","modified_gmt":"2025-08-16T17:35:36","slug":"hodgkinson-etablit-la-meilleure-performance-mondiale-des-sa-rentree-sur-800m-liberman-ameliore-son-record-personnel","status":"publish","type":"post","link":"https:\/\/www.europesays.com\/fr\/323308\/","title":{"rendered":"Hodgkinson \u00e9tablit la meilleure performance mondiale d\u00e8s sa rentr\u00e9e sur 800m, Liberman am\u00e9liore son record personnel"},"content":{"rendered":"<p>Championne olympique de la discipline, la Britannique a boucl\u00e9 son 800m en 1 min 54 sec 74 ce samedi lors du meeting de Chorzow en Pologne.<\/p>\n<p class=\"fig-paragraph\">La Britannique Keely Hodgkinson,\u00a0<a href=\"http:\/\/www.lefigaro.fr\/sports\/jeux-olympiques\/jo-athletisme-pas-de-medaille-pour-renelle-lamotte-5e-de-la-finale-du-800m-20240805\" data-fig-type=\"NewsFlash\" data-gtm-custom-categorie=\"navigation\" data-gtm-custom-action=\"crossclick\" data-gtm-custom-label=\"Contextuel\" data-gtm-event=\"customEventSPE\" data-fig-domain=\"LEFIGARO\" target=\"_blank\" rel=\"noopener\">championne olympique du 800 m\u00e8tres<\/a>, a impressionn\u00e9 samedi lors du meeting de Chorzow en Pologne en \u00e9tablissant d\u00e8s sa rentr\u00e9e, apr\u00e8s plus d&rsquo;un an sans comp\u00e9tition, la meilleure performance mondiale de la saison en 1 min 54 sec 74.<\/p>\n<p class=\"fig-paragraph\">Handicap\u00e9e par des blessures pendant plusieurs mois, elle n&rsquo;avait plus couru depuis la finale olympique en ao\u00fbt 2024 \u00e0 Paris o\u00f9 elle avait d\u00e9croch\u00e9 l&rsquo;or. Samedi, elle a domin\u00e9 la course du meeting de\u00a0<a href=\"http:\/\/www.lefigaro.fr\/flash-actu\/athletisme-duplantis-holloway-jackson-la-ligue-de-diamant-s-elance-avec-les-mondiaux-en-point-de-mire-20250425\" data-fig-type=\"NewsFlash\" data-gtm-custom-categorie=\"navigation\" data-gtm-custom-action=\"crossclick\" data-gtm-custom-label=\"Contextuel\" data-gtm-event=\"customEventSPE\" data-fig-domain=\"LEFIGARO\" target=\"_blank\" rel=\"noopener\">Ligue de diamant<\/a>\u00a0pour s&rsquo;imposer en se rapprochant de son record personnel (1:54.61 en 2024) et s&#8217;emparer d\u00e8s sa reprise de la meilleure performance mondiale.<\/p>\n<p>                                    <a class=\"fig-a11y-skip a11y-hidden\" href=\"#fig-a11y-skip-main-inarticle\"><br \/>\n        Passer la publicit\u00e9<br \/>\n    <\/a><\/p>\n<p class=\"fig-paragraph\">\u00c0 moins d&rsquo;un mois des\u00a0<a href=\"http:\/\/www.lefigaro.fr\/sports\/athletisme\/athletisme-la-ffa-devoile-une-premiere-selection-de-33-francais-pour-les-mondiaux-a-tokyo-20250805\" data-fig-type=\"NewsFlash\" data-gtm-custom-categorie=\"navigation\" data-gtm-custom-action=\"crossclick\" data-gtm-custom-label=\"Contextuel\" data-gtm-event=\"customEventSPE\" data-fig-domain=\"LEFIGARO\" target=\"_blank\" rel=\"noopener\">Mondiaux de Tokyo\u00a0<\/a>(13-21 septembre), elle confirme son statut d&rsquo;immense favorite pour d\u00e9crocher sa premi\u00e8re m\u00e9daille d&rsquo;or mondiale au Japon. Septi\u00e8me de la course, la Fran\u00e7aise Clara Liberman a am\u00e9lior\u00e9 son record personnel en 1 min 58 sec 82.<\/p>\n","protected":false},"excerpt":{"rendered":"Championne olympique de la discipline, la Britannique a boucl\u00e9 son 800m en 1 min 54 sec 74 ce&hellip;\n","protected":false},"author":2,"featured_media":323309,"comment_status":"","ping_status":"","sticky":false,"template":"","format":"standard","meta":{"footnotes":""},"categories":[1412],"tags":[1451,1452,1453,1454,1455,1011,27,2437,60],"class_list":{"0":"post-323308","1":"post","2":"type-post","3":"status-publish","4":"format-standard","5":"has-post-thumbnail","7":"category-f1","8":"tag-f1","9":"tag-formula-1","10":"tag-formula1","11":"tag-formule-1","12":"tag-formule1","13":"tag-fr","14":"tag-france","15":"tag-pologne","16":"tag-sports"},"share_on_mastodon":{"url":"https:\/\/pubeurope.com\/@fr\/115039654819095411","error":""},"_links":{"self":[{"href":"https:\/\/www.europesays.com\/fr\/wp-json\/wp\/v2\/posts\/323308","targetHints":{"allow":["GET"]}}],"collection":[{"href":"https:\/\/www.europesays.com\/fr\/wp-json\/wp\/v2\/posts"}],"about":[{"href":"https:\/\/www.europesays.com\/fr\/wp-json\/wp\/v2\/types\/post"}],"author":[{"embeddable":true,"href":"https:\/\/www.europesays.com\/fr\/wp-json\/wp\/v2\/users\/2"}],"replies":[{"embeddable":true,"href":"https:\/\/www.europesays.com\/fr\/wp-json\/wp\/v2\/comments?post=323308"}],"version-history":[{"count":0,"href":"https:\/\/www.europesays.com\/fr\/wp-json\/wp\/v2\/posts\/323308\/revisions"}],"wp:featuredmedia":[{"embeddable":true,"href":"https:\/\/www.europesays.com\/fr\/wp-json\/wp\/v2\/media\/323309"}],"wp:attachment":[{"href":"https:\/\/www.europesays.com\/fr\/wp-json\/wp\/v2\/media?parent=323308"}],"wp:term":[{"taxonomy":"category","embeddable":true,"href":"https:\/\/www.europesays.com\/fr\/wp-json\/wp\/v2\/categories?post=323308"},{"taxonomy":"post_tag","embeddable":true,"href":"https:\/\/www.europesays.com\/fr\/wp-json\/wp\/v2\/tags?post=323308"}],"curies":[{"name":"wp","href":"https:\/\/api.w.org\/{rel}","templated":true}]}}