{"id":323310,"date":"2025-08-16T17:36:11","date_gmt":"2025-08-16T17:36:11","guid":{"rendered":"https:\/\/www.europesays.com\/fr\/323310\/"},"modified":"2025-08-16T17:36:11","modified_gmt":"2025-08-16T17:36:11","slug":"criterium-de-quillan-martinez-simpose-devant-jegat","status":"publish","type":"post","link":"https:\/\/www.europesays.com\/fr\/323310\/","title":{"rendered":"Crit\u00e9rium de Quillan : Martinez s&rsquo;impose devant Jegat"},"content":{"rendered":"<p class=\"date\">\n                                                            Thomas Siniecki, Media365 : publi\u00e9 le samedi 16 ao\u00fbt 2025 \u00e0 18h39\n                                                    <\/p>\n<p>C&rsquo;est un duel de haute lutte qui, entre les deux compatriotes, a r\u00e9gal\u00e9 les spectateurs audois vendredi.<\/p>\n<p>Quoi de mieux qu&rsquo;un crit\u00e9rium du 15 ao\u00fbt, trois semaines apr\u00e8s la fin du Tour de France, pour attirer les foules sur le bord de la route ? Surtout quand Lenny Martinez (Bahrain Victorious) l&#8217;emporte \u00e0 Quillan devant Jordan Jegat (TotalEnergies), soit deux des coureurs nationaux les plus en vue sur le Tour &#8211; Lenny Martinez a port\u00e9 le maillot \u00e0 pois, Jordan Jegat a fini deuxi\u00e8me Fran\u00e7ais \u00e0 la dixi\u00e8me place du classement g\u00e9n\u00e9ral. Dans l&rsquo;Aude, c&rsquo;est un des crit\u00e9riums les plus historiques qui a vu ainsi une course digne de son rang, puisqu&rsquo;il s&rsquo;agit du plus ancien de France depuis 1938.<\/p>\n<p>Jegat : \u00ab\u00a0Il \u00e9tait tr\u00e8s fort et je finis deuxi\u00e8me, c&rsquo;est pas mal\u00a0\u00bb<\/p>\n<p>\u00ab\u00a0Je pensais que Jordan Jegat allait gagner, mais j&rsquo;avais de bonnes jambes\u00a0\u00bb, sourit le fils de Miguel, vainqueur en filou sur une \u00e9chapp\u00e9e solitaire dans la derni\u00e8re ligne droite. <a href=\"https:\/\/sports.orange.fr\/cyclisme\/tour-de-france\/article\/portrait-anquetil-ce-vainqueur-mal-aime-exclu-CNT000001Q6wYE.html\" rel=\"nofollow noopener\" target=\"_blank\">Il succ\u00e8de \u00e0 Jacques Anquetil<\/a> (1963), Raymond Poulidor (1966), Richard Virenque (1997, 1999), Thomas Voeckler (2004, 2011, 2012) ou encore plus r\u00e9cemment Romain Bardet (2019) et Peter Sagan (2023). \u00ab\u00a0Nous n&rsquo;avons sauv\u00e9 les meubles qu&rsquo;au dernier moment\u00a0\u00bb, confiait d&rsquo;ailleurs l&rsquo;organisateur Patrick Quinta \u00e0 la veille du d\u00e9part (pour L&rsquo;Ind\u00e9pendant) en remerciant ainsi Lenny Martinez et Jordan Jegat de leur confirmation in extremis, de m\u00eame que Victor Koretzky ou Cl\u00e9ment Champoussin.<\/p>\n<p><a href=\"https:\/\/sports.orange.fr\/cyclisme\/tour-de-france\/les-francais\/article\/tour-de-france-e20-jegat-nouveau-10e-du-general-exclu-CNT000002jKIcq.html\" rel=\"nofollow noopener\" target=\"_blank\">Jordan Jegat, pour qui il s&rsquo;agissait de la premi\u00e8re \u00e0 Quillan<\/a>, arborait lui aussi un vrai sourire \u00e0 l&rsquo;arriv\u00e9e (propos relay\u00e9s par La D\u00e9p\u00eache du Midi) : \u00ab\u00a0C&rsquo;\u00e9tait tr\u00e8s bien, il faisait chaud et c&rsquo;\u00e9tait une superbe course. Il fallait toujours rester plac\u00e9 pour ne pas trop subir les relances. Lenny Martinez \u00e9tait tr\u00e8s fort et je finis deuxi\u00e8me, c&rsquo;est pas mal.\u00a0\u00bb Pour Lenny Martinez, justement, cap d\u00e9sormais sur le Canada et les traditionnels Grands Prix francophones de Qu\u00e9bec puis Montr\u00e9al (vendredi 12 et dimanche 14 septembre) o\u00f9 le jeune grimpeur tricolore sera un des outsiders voire m\u00eame favoris en fonction du plateau.<\/p>\n","protected":false},"excerpt":{"rendered":"Thomas Siniecki, Media365 : publi\u00e9 le samedi 16 ao\u00fbt 2025 \u00e0 18h39 C&rsquo;est un duel de haute lutte&hellip;\n","protected":false},"author":2,"featured_media":323311,"comment_status":"","ping_status":"","sticky":false,"template":"","format":"standard","meta":{"footnotes":""},"categories":[1411],"tags":[1154,207,1011,27,60],"class_list":{"0":"post-323310","1":"post","2":"type-post","3":"status-publish","4":"format-standard","5":"has-post-thumbnail","7":"category-cyclisme","8":"tag-cycling","9":"tag-cyclisme","10":"tag-fr","11":"tag-france","12":"tag-sports"},"share_on_mastodon":{"url":"https:\/\/pubeurope.com\/@fr\/115039658584511316","error":""},"_links":{"self":[{"href":"https:\/\/www.europesays.com\/fr\/wp-json\/wp\/v2\/posts\/323310","targetHints":{"allow":["GET"]}}],"collection":[{"href":"https:\/\/www.europesays.com\/fr\/wp-json\/wp\/v2\/posts"}],"about":[{"href":"https:\/\/www.europesays.com\/fr\/wp-json\/wp\/v2\/types\/post"}],"author":[{"embeddable":true,"href":"https:\/\/www.europesays.com\/fr\/wp-json\/wp\/v2\/users\/2"}],"replies":[{"embeddable":true,"href":"https:\/\/www.europesays.com\/fr\/wp-json\/wp\/v2\/comments?post=323310"}],"version-history":[{"count":0,"href":"https:\/\/www.europesays.com\/fr\/wp-json\/wp\/v2\/posts\/323310\/revisions"}],"wp:featuredmedia":[{"embeddable":true,"href":"https:\/\/www.europesays.com\/fr\/wp-json\/wp\/v2\/media\/323311"}],"wp:attachment":[{"href":"https:\/\/www.europesays.com\/fr\/wp-json\/wp\/v2\/media?parent=323310"}],"wp:term":[{"taxonomy":"category","embeddable":true,"href":"https:\/\/www.europesays.com\/fr\/wp-json\/wp\/v2\/categories?post=323310"},{"taxonomy":"post_tag","embeddable":true,"href":"https:\/\/www.europesays.com\/fr\/wp-json\/wp\/v2\/tags?post=323310"}],"curies":[{"name":"wp","href":"https:\/\/api.w.org\/{rel}","templated":true}]}}