{"id":323326,"date":"2025-08-16T17:44:09","date_gmt":"2025-08-16T17:44:09","guid":{"rendered":"https:\/\/www.europesays.com\/fr\/323326\/"},"modified":"2025-08-16T17:44:09","modified_gmt":"2025-08-16T17:44:09","slug":"les-personnes-qui-vivent-jusqua-100-ans-partagent-une-incroyable-capacite-revelee-par-une-recente-etude","status":"publish","type":"post","link":"https:\/\/www.europesays.com\/fr\/323326\/","title":{"rendered":"Les personnes qui vivent jusqu&rsquo;\u00e0 100 ans partagent une incroyable capacit\u00e9, r\u00e9v\u00e9l\u00e9e par une r\u00e9cente \u00e9tude"},"content":{"rendered":"<p class=\"rev-margin-0 rev-text-sm-bold\">La r\u00e9daction n&rsquo;a pas particip\u00e9 \u00e0 la r\u00e9alisation de ce contenu<\/p>\n<p>Leurs profils sanguins, analys\u00e9s sur des d\u00e9cennies, montrent des<strong> biomarqueurs \u00e9tonnamment stables<\/strong>, agissant comme un bouclier protecteur. D\u00e8s la soixantaine, des diff\u00e9rences mesurables apparaissent dans leur gestion m\u00e9dicale et leur mode de vie, offrant des pistes concr\u00e8tes pour optimiser notre propre capacit\u00e9 \u00e0 vieillir en meilleure sant\u00e9. Cette d\u00e9couverte ouvre la voie \u00e0 <strong>une approche pr\u00e9ventive renforc\u00e9e<\/strong>, prouvant que vieillir en bonne sant\u00e9 repose sur des m\u00e9canismes biologiques et comportementaux modifiables bien avant le grand \u00e2ge.<\/p>\n<p>Pourquoi les centenaires r\u00e9sistent diff\u00e9remment \u00e0 la maladie<\/p>\n<p>Les <strong>centenaires <\/strong>ne sont pas simplement des survivants, mais des ma\u00eetres dans l&rsquo;art de n\u00e9gocier avec la maladie. L&rsquo;\u00e9tude men\u00e9e par <strong>Karin Modig <\/strong>du<strong> \u00ab\u00a0Karolinska Institutet\u00a0\u00bb<\/strong> sur 44 000 <strong>Su\u00e9dois <\/strong>d\u00e9montre que leur force r\u00e9side dans la <strong>r\u00e9silience <\/strong>physiologique : ils d\u00e9veloppent moins de comorbidit\u00e9s s\u00e9v\u00e8res et voient leurs pathologies progresser lentement. Alors que 70% des octog\u00e9naires subissent des maladies cardiovasculaires, seulement 23% des <strong>centenaires <\/strong>en sont affect\u00e9s. Cette \u00ab\u00a0compression de la morbidit\u00e9\u00a0\u00bb signifie qu&rsquo;ils concentrent les probl\u00e8mes de <strong>sant\u00e9 <\/strong>sur une courte p\u00e9riode finale de leur vie.<\/p>\n<p>Trois caract\u00e9ristiques distinctives \u00e9mergent :<\/p>\n<ul>\n<li>Une affliction majoritairement mono-syst\u00e9mique (un seul organe touch\u00e9 \u00e0 la fois)<\/li>\n<li>Un retard significatif dans l&rsquo;apparition du diab\u00e8te ou des d\u00e9mences<\/li>\n<li>Une capacit\u00e9 \u00e0 r\u00e9cup\u00e9rer plus efficacement apr\u00e8s un \u00e9pisode aigu<\/li>\n<\/ul>\n<p>Comme le soulignent les chercheurs, cette trajectoire contredit l&rsquo;id\u00e9e re\u00e7ue que vivre tr\u00e8s vieux \u00e9quivaut \u00e0 souffrir davantage. La <strong>g\u00e9n\u00e9tique <\/strong>n&rsquo;explique que 20% de cette r\u00e9sistance &#8211; le reste rel\u00e8ve de m\u00e9canismes biologiques modulables.<\/p>\n<p>R\u00e9silience physiologique et profil sanguin protecteur<\/p>\n<p>L&rsquo;analyse sanguine longitudinale r\u00e9v\u00e8le un tr\u00e9sor cach\u00e9 : les futurs <strong>centenaires <\/strong>pr\u00e9sentent d\u00e8s 60 ans des <strong>biomarqueurs <\/strong>remarquablement stables. L&rsquo;\u00e9tude publi\u00e9e dans GeroScience a suivi 45 000 personnes pendant 35 ans, identifiant un panel protecteur incluant :<\/p>\n<ul>\n<li><strong>Glucose <\/strong>et <strong>cholest\u00e9rol <\/strong>dans des fourchettes optimales permanentes<\/li>\n<li>Des taux bas d&rsquo;<strong>inflammation<\/strong> chronique (CRP inf\u00e9rieure \u00e0 1 mg\/L)<\/li>\n<li>Un \u00e9quilibre parfait du <strong>fer<\/strong>, \u00e9vitant <strong>an\u00e9mie <\/strong>et surcharge h\u00e9patique<\/li>\n<\/ul>\n<p>Contrairement \u00e0 la population g\u00e9n\u00e9rale, leurs <strong>fonctions h\u00e9patiques <\/strong>et<strong> fonctions r\u00e9nales<\/strong> se maintiennent gr\u00e2ce \u00e0 des valeurs de <strong>cr\u00e9atinine <\/strong>et d&rsquo;<strong>acide urique<\/strong> quasi constantes. Cette hom\u00e9ostasie m\u00e9tabolique, agit comme un bouclier contre l&rsquo;<strong>accumulation<\/strong> des d\u00e9ficits li\u00e9s \u00e0 l&rsquo;\u00e2ge. Les <strong>m\u00e9decins <\/strong>constatent que ce profil limite aussi les risques de <strong>malnutrition <\/strong>prot\u00e9ino-\u00e9nerg\u00e9tique, fl\u00e9au des seniors fragiles.<\/p>\n<p>Comment adopter d\u00e8s la soixantaine la gestion de la maladie propre aux personnes vivant jusqu&rsquo;\u00e0 100 ans ?<\/p>\n<p>D\u00e8s 60 ans, des actions cibl\u00e9es peuvent copier le \u00ab\u00a0mod\u00e8le centenaire\u00a0\u00bb. La <strong>pr\u00e9vention <\/strong>proactive est cruciale : les \u00e9tudes montrent qu&rsquo;un suivi biannuel des <strong>biomarqueurs <\/strong>cl\u00e9s (<strong>glucose<\/strong>, <strong>cr\u00e9atinine<\/strong>, marqueurs inflammatoires) augmente de 35% la <strong>probabilit\u00e9 <\/strong>d&rsquo;atteindre 90 ans en bonne <strong>sant\u00e9<\/strong>. L&rsquo;<strong>alimentation<\/strong> m\u00e9diterran\u00e9enne mod\u00e9r\u00e9e en prot\u00e9ines pr\u00e9serve le <strong>m\u00e9tabolisme<\/strong>, tandis qu&rsquo;une activit\u00e9 physique quotidienne r\u00e9gule l&rsquo;<strong>acide urique<\/strong>.<\/p>\n<p>Quatre piliers \u00e0 prioriser :<\/p>\n<ul>\n<li>Optimiser l&rsquo;apport en micronutriments (zinc, s\u00e9l\u00e9nium) pour pr\u00e9venir l&rsquo;<strong>an\u00e9mie<\/strong><\/li>\n<li>Maintenir une hydratation suffisante pour soutenir les <strong>fonctions r\u00e9nales<\/strong><\/li>\n<li>Int\u00e9grer des om\u00e9ga-3 pour contr\u00f4ler l&rsquo;<strong>inflammation<\/strong> silencieuse<\/li>\n<li>Pratiquer le je\u00fbne intermittent pour r\u00e9guler la glyc\u00e9mie<\/li>\n<\/ul>\n<p>Ces habitudes cr\u00e9ent un terrain biologique r\u00e9sistant, m\u00eame sans \u00ab\u00a0g\u00e9n\u00e9tique dor\u00e9e\u00a0\u00bb. Leur efficacit\u00e9 est confirm\u00e9e par les travaux du <strong>\u00ab\u00a0Karolinska Institutet\u00a0\u00bb<\/strong> sur l&rsquo;<strong>esp\u00e9rance de vie<\/strong> en bonne sant\u00e9.<\/p>\n<p>Limiter l\u2019accumulation des pathologies majeures : les strat\u00e9gies inspir\u00e9es des centenaires pour prolonger la sant\u00e9<\/p>\n<p>La <strong>science <\/strong>du vieillissement s&rsquo;inspire d\u00e9sormais des <strong>centenaires <\/strong>pour \u00e9laborer des strat\u00e9gies anti-<strong>accumulation <\/strong>pathologique. Leur secret? Une gestion en trois temps : pr\u00e9venir pr\u00e9cocement (avant 70 ans), contenir l&rsquo;extension des affections existantes, et pr\u00e9server l&rsquo;autonomie fonctionnelle. Les <strong>\u00e9tudes <\/strong>indiquent que cette approche r\u00e9duit de 50% l&rsquo;incidence des AVC apr\u00e8s 85 ans.<\/p>\n<p>Concr\u00e8tement, les <strong>m\u00e9decins <\/strong>recommandent :<\/p>\n<ul>\n<li>Un d\u00e9pistage annuel de la sarcop\u00e9nie pour \u00e9viter la <strong>malnutrition<\/strong><\/li>\n<li>Un bilan h\u00e9patique complet incluant <strong>cholest\u00e9rol <\/strong>et enzymes<\/li>\n<li>Une suppl\u00e9mentation en vitamine B12 contre l&rsquo;<strong>an\u00e9mie<\/strong> li\u00e9e \u00e0 l&rsquo;\u00e2ge<\/li>\n<\/ul>\n<p>Comme le r\u00e9v\u00e8le les diff\u00e9rentes \u00e9tudes, ces mesures combin\u00e9es \u00e0 l&rsquo;absence de tabac pourraient ajouter 8 ans de <strong>qualit\u00e9 de vie<\/strong>. Cette r\u00e9volution pr\u00e9ventive, document\u00e9e dans de multiples <strong>\u00e9tudes <\/strong>internationales, transforme notre vision du <strong>vieillissement <\/strong>en une opportunit\u00e9 de <strong>long\u00e9vit\u00e9 <\/strong>dynamique. Les analyses confirment que ce <strong>mode de vie<\/strong> int\u00e9gr\u00e9 pr\u00e9cocement est le d\u00e9nominateur commun des populations \u00e0 haute <strong>long\u00e9vit\u00e9<\/strong>.<\/p>\n<p><strong>R\u00e9f\u00e9rences :<\/strong><\/p>\n<ul>\n<li>https:\/\/ourworldindata.org\/life-expectancy<\/li>\n<li>https:\/\/link.springer.com\/article\/10.1007\/s11357-024-01330-w<\/li>\n<li>https:\/\/www.thelancet.com\/journals\/eclinm\/article\/PIIS2589-5370(25)00328-1\/fulltext<\/li>\n<\/ul>\n","protected":false},"excerpt":{"rendered":"La r\u00e9daction n&rsquo;a pas particip\u00e9 \u00e0 la r\u00e9alisation de ce contenu Leurs profils sanguins, analys\u00e9s sur des d\u00e9cennies,&hellip;\n","protected":false},"author":2,"featured_media":323327,"comment_status":"","ping_status":"","sticky":false,"template":"","format":"standard","meta":{"footnotes":""},"categories":[10],"tags":[20747,17,1764,1011,27,72,12333,151,3744,3583,71,9070],"class_list":{"0":"post-323326","1":"post","2":"type-post","3":"status-publish","4":"format-standard","5":"has-post-thumbnail","7":"category-sante","8":"tag-20747","9":"tag-17","10":"tag-ans","11":"tag-fr","12":"tag-france","13":"tag-health","14":"tag-jusqua","15":"tag-les","16":"tag-personnes","17":"tag-qui","18":"tag-sante","19":"tag-vivent"},"share_on_mastodon":{"url":"https:\/\/pubeurope.com\/@fr\/115039690072944573","error":""},"_links":{"self":[{"href":"https:\/\/www.europesays.com\/fr\/wp-json\/wp\/v2\/posts\/323326","targetHints":{"allow":["GET"]}}],"collection":[{"href":"https:\/\/www.europesays.com\/fr\/wp-json\/wp\/v2\/posts"}],"about":[{"href":"https:\/\/www.europesays.com\/fr\/wp-json\/wp\/v2\/types\/post"}],"author":[{"embeddable":true,"href":"https:\/\/www.europesays.com\/fr\/wp-json\/wp\/v2\/users\/2"}],"replies":[{"embeddable":true,"href":"https:\/\/www.europesays.com\/fr\/wp-json\/wp\/v2\/comments?post=323326"}],"version-history":[{"count":0,"href":"https:\/\/www.europesays.com\/fr\/wp-json\/wp\/v2\/posts\/323326\/revisions"}],"wp:featuredmedia":[{"embeddable":true,"href":"https:\/\/www.europesays.com\/fr\/wp-json\/wp\/v2\/media\/323327"}],"wp:attachment":[{"href":"https:\/\/www.europesays.com\/fr\/wp-json\/wp\/v2\/media?parent=323326"}],"wp:term":[{"taxonomy":"category","embeddable":true,"href":"https:\/\/www.europesays.com\/fr\/wp-json\/wp\/v2\/categories?post=323326"},{"taxonomy":"post_tag","embeddable":true,"href":"https:\/\/www.europesays.com\/fr\/wp-json\/wp\/v2\/tags?post=323326"}],"curies":[{"name":"wp","href":"https:\/\/api.w.org\/{rel}","templated":true}]}}