{"id":323336,"date":"2025-08-16T17:49:12","date_gmt":"2025-08-16T17:49:12","guid":{"rendered":"https:\/\/www.europesays.com\/fr\/323336\/"},"modified":"2025-08-16T17:49:12","modified_gmt":"2025-08-16T17:49:12","slug":"donald-trump-offre-a-kiev-des-garanties-de-securite-mais-en-dehors-de-lotan-actualites","status":"publish","type":"post","link":"https:\/\/www.europesays.com\/fr\/323336\/","title":{"rendered":"Donald Trump offre \u00e0 Kiev des \u00ab\u00a0garanties de s\u00e9curit\u00e9\u00a0\u00bb, mais en dehors de l\u2019Otan : Actualit\u00e9s"},"content":{"rendered":"<p class=\"lead \"><strong>Lors d\u2019un entretien t\u00e9l\u00e9phonique avec Volodymyr Zelensky, samedi 16 ao\u00fbt, Donald Trump a propos\u00e9 des \u201cgaranties de s\u00e9curit\u00e9\u201d comparables \u00e0 celles de l\u2019Otan, mais sans inclure l\u2019adh\u00e9sion de l\u2019Ukraine \u00e0 l\u2019Alliance atlantique.<\/strong><\/p>\n<p class=\"lead \">Washington a propos\u00e9 \u00e0 l\u2019Ukraine des \u00ab\u00a0garanties de s\u00e9curit\u00e9\u00a0\u00bb inspir\u00e9es du principe de d\u00e9fense collective de l\u2019OTAN, mais sans offrir une adh\u00e9sion \u00e0 l\u2019Alliance. Cette id\u00e9e a \u00e9t\u00e9 \u00e9voqu\u00e9e le samedi 16 ao\u00fbt lors d\u2019un appel entre Donald Trump, Volodymyr Zelensky et plusieurs dirigeants europ\u00e9ens. Selon des sources diplomatiques relay\u00e9es par <a href=\"https:\/\/www.kyivpost.com\/post\/58328\" target=\"_blank\" rel=\"nofollow noopener\">Kyiv Post<\/a>, il s\u2019agirait d\u2019un engagement des \u00c9tats-Unis et de leurs alli\u00e9s \u00e0 soutenir Kiev en cas de nouvelle attaque. \u00ab\u00a0Comme une des garanties de s\u00e9curit\u00e9 pour l\u2019Ukraine, la partie am\u00e9ricaine a propos\u00e9 une garantie de type article 5, hors de l\u2019Otan, avec l\u2019accord a priori de Vladimir Poutine\u00a0\u00bb, a indiqu\u00e9 une source diplomatique cit\u00e9e par le m\u00e9dia ukrainien.<\/p>\n<p class=\"lead \">Pour l\u2019heure, les contours de cette promesse restent flous et plusieurs dirigeants europ\u00e9ens demandent des pr\u00e9cisions sur le r\u00f4le que joueraient concr\u00e8tement les \u00c9tats-Unis.<\/p>\n<p>                                                                                                 L\u2019adh\u00e9sion \u00e0 l\u2019OTAN toujours \u00e9cart\u00e9e <\/p>\n<p class=\"lead \">Depuis le retour de Donald Trump \u00e0 la Maison-Blanche, il a ferm\u00e9 la porte \u00e0 une possible adh\u00e9sion de Kiev \u00e0 l\u2019OTAN. L\u2019Ukraine r\u00e9clame n\u00e9anmoins des garanties solides pour pr\u00e9venir toute nouvelle agression russe. De son c\u00f4t\u00e9, Moscou s\u2019oppose toujours fermement \u00e0 une entr\u00e9e du pays dans l\u2019Alliance, qu\u2019elle pr\u00e9sente comme une menace existentielle. Volodymyr Zelensky doit rencontrer Donald Trump lundi 18 ao\u00fbt \u00e0 Washington pour poursuivre les discussions sur ces garanties de s\u00e9curit\u00e9 et sur un \u00e9ventuel sommet avec Vladimir Poutine.<\/p>\n<p class=\"small font-weight-bold text-gray3 \"> publi\u00e9 le 16 ao\u00fbt \u00e0 17h12, Alexandre Lecomte, 6Medias. <\/p>\n<p>                             Partager<\/p>\n","protected":false},"excerpt":{"rendered":"Lors d\u2019un entretien t\u00e9l\u00e9phonique avec Volodymyr Zelensky, samedi 16 ao\u00fbt, Donald Trump a propos\u00e9 des \u201cgaranties de s\u00e9curit\u00e9\u201d&hellip;\n","protected":false},"author":2,"featured_media":323337,"comment_status":"","ping_status":"","sticky":false,"template":"","format":"standard","meta":{"footnotes":""},"categories":[5],"tags":[11,1011,27,14,12,28],"class_list":{"0":"post-323336","1":"post","2":"type-post","3":"status-publish","4":"format-standard","5":"has-post-thumbnail","7":"category-international","8":"tag-actualites","9":"tag-fr","10":"tag-france","11":"tag-international","12":"tag-news","13":"tag-world"},"share_on_mastodon":{"url":"https:\/\/pubeurope.com\/@fr\/115039709752431606","error":""},"_links":{"self":[{"href":"https:\/\/www.europesays.com\/fr\/wp-json\/wp\/v2\/posts\/323336","targetHints":{"allow":["GET"]}}],"collection":[{"href":"https:\/\/www.europesays.com\/fr\/wp-json\/wp\/v2\/posts"}],"about":[{"href":"https:\/\/www.europesays.com\/fr\/wp-json\/wp\/v2\/types\/post"}],"author":[{"embeddable":true,"href":"https:\/\/www.europesays.com\/fr\/wp-json\/wp\/v2\/users\/2"}],"replies":[{"embeddable":true,"href":"https:\/\/www.europesays.com\/fr\/wp-json\/wp\/v2\/comments?post=323336"}],"version-history":[{"count":0,"href":"https:\/\/www.europesays.com\/fr\/wp-json\/wp\/v2\/posts\/323336\/revisions"}],"wp:featuredmedia":[{"embeddable":true,"href":"https:\/\/www.europesays.com\/fr\/wp-json\/wp\/v2\/media\/323337"}],"wp:attachment":[{"href":"https:\/\/www.europesays.com\/fr\/wp-json\/wp\/v2\/media?parent=323336"}],"wp:term":[{"taxonomy":"category","embeddable":true,"href":"https:\/\/www.europesays.com\/fr\/wp-json\/wp\/v2\/categories?post=323336"},{"taxonomy":"post_tag","embeddable":true,"href":"https:\/\/www.europesays.com\/fr\/wp-json\/wp\/v2\/tags?post=323336"}],"curies":[{"name":"wp","href":"https:\/\/api.w.org\/{rel}","templated":true}]}}