{"id":323340,"date":"2025-08-16T17:51:12","date_gmt":"2025-08-16T17:51:12","guid":{"rendered":"https:\/\/www.europesays.com\/fr\/323340\/"},"modified":"2025-08-16T17:51:12","modified_gmt":"2025-08-16T17:51:12","slug":"deux-morts-dans-le-crash-daeronefs-a-saint-pons-dans-la-vallee-de-lubaye","status":"publish","type":"post","link":"https:\/\/www.europesays.com\/fr\/323340\/","title":{"rendered":"Deux morts dans le crash d&rsquo;a\u00e9ronefs \u00e0 Saint-Pons dans la vall\u00e9e de l&rsquo;Ubaye"},"content":{"rendered":"<p>C\u2019est un dramatique accident qui s\u2019est produit dans la vall\u00e9e de l\u2019Ubaye. Ce samedi 16\u00a0ao\u00fbt 2025, vers 13h, deux a\u00e9ronefs se sont \u00e9cras\u00e9s sur la commune de <a href=\"https:\/\/www.laprovence.com\/alpes-de-haute-provence\/saint-pons-04195\" target=\"_blank\" rel=\"nofollow noopener\">Saint-Pons<\/a>, dans les Alpes-de-Haute-Provence.<\/p>\n<p>Un avion d\u00e9marrait son d\u00e9collage, avec \u00e0 sa suite un planeur qu\u2019il tractait. Pour une raison encore inconnue, l\u2019avion s\u2019est <a href=\"https:\/\/www.laprovence.com\/article\/region\/5540062811797314\/crash-de-la-germanwings-10-ans-apres-des-communes-marquees-a-jamais-dans-les-alpes-de-haute-provence\" target=\"_blank\" rel=\"nofollow noopener\">crash\u00e9 <\/a>en bout de piste, le planeur s\u2019\u00e9crasant \u00e9galement \u00e0 sa suite une centaine de m\u00e8tres plus loin, dans les bois.<\/p>\n<p>\u00c0 l\u2019int\u00e9rieur de chaque appareil se trouvait un septuag\u00e9naire. Ces deux ressortissants \u00e9trangers ont perdu la vie. L\u2019avion \u00e9tait en feu lors de l\u2019arriv\u00e9e de sapeurs-pompiers du Service d\u00e9partemental d\u2019incendie et de secours des <a href=\"https:\/\/www.laprovence.com\/region\/Edition-alpes\" target=\"_blank\" rel=\"nofollow noopener\">Alpes-de-Haute-Provence<\/a> (Sdis04).<\/p>\n<p>Les gendarmes mobilis\u00e9s<\/p>\n<p>Sous la coordination du centre op\u00e9rationnel de <a href=\"https:\/\/www.laprovence.com\/alpes-de-haute-provence\/digne-les-bains-04070\" target=\"_blank\" rel=\"nofollow noopener\">Digne-les-Bains<\/a>, les forces de gendarmerie ont logiquement mobilis\u00e9 des moyens cons\u00e9quents, notamment de la compagnie de Barcelonnette, face \u00e0 la situation.<\/p>\n<p>Des enqu\u00eateurs de la section de recherches BGTA de Roissy, brigade de gendarmerie d\u00e9di\u00e9e aux zones a\u00e9roportuaires, ont \u00e9t\u00e9 engag\u00e9s ainsi que des enqu\u00eateurs de la section de recherches des transports a\u00e9riens (SRTA) de <a href=\"https:\/\/www.laprovence.com\/bouches-du-rhone\/marseille-13055\" target=\"_blank\" rel=\"nofollow noopener\">Marseille<\/a>, pour tenter de comprendre le sc\u00e9nario de ce double crash.<\/p>\n<p>L\u2019enqu\u00eate est logiquement coordonn\u00e9e par la SRTA qui assure le lien entre les diff\u00e9rents services et travaille en partenariat avec le Bureau d\u2019enqu\u00eates et d\u2019analyses (BEA).<\/p>\n","protected":false},"excerpt":{"rendered":"C\u2019est un dramatique accident qui s\u2019est produit dans la vall\u00e9e de l\u2019Ubaye. Ce samedi 16\u00a0ao\u00fbt 2025, vers 13h,&hellip;\n","protected":false},"author":2,"featured_media":323341,"comment_status":"","ping_status":"","sticky":false,"template":"","format":"standard","meta":{"footnotes":""},"categories":[2],"tags":[17,11,4098,46073,1446,4070,274,1011,27,5184,12,46074],"class_list":{"0":"post-323340","1":"post","2":"type-post","3":"status-publish","4":"format-standard","5":"has-post-thumbnail","7":"category-actualites","8":"tag-17","9":"tag-actualites","10":"tag-crash","11":"tag-daeronefs","12":"tag-dans","13":"tag-deux","14":"tag-faits-divers-justice","15":"tag-fr","16":"tag-france","17":"tag-morts","18":"tag-news","19":"tag-saint-pons"},"share_on_mastodon":{"url":"https:\/\/pubeurope.com\/@fr\/115039717660499350","error":""},"_links":{"self":[{"href":"https:\/\/www.europesays.com\/fr\/wp-json\/wp\/v2\/posts\/323340","targetHints":{"allow":["GET"]}}],"collection":[{"href":"https:\/\/www.europesays.com\/fr\/wp-json\/wp\/v2\/posts"}],"about":[{"href":"https:\/\/www.europesays.com\/fr\/wp-json\/wp\/v2\/types\/post"}],"author":[{"embeddable":true,"href":"https:\/\/www.europesays.com\/fr\/wp-json\/wp\/v2\/users\/2"}],"replies":[{"embeddable":true,"href":"https:\/\/www.europesays.com\/fr\/wp-json\/wp\/v2\/comments?post=323340"}],"version-history":[{"count":0,"href":"https:\/\/www.europesays.com\/fr\/wp-json\/wp\/v2\/posts\/323340\/revisions"}],"wp:featuredmedia":[{"embeddable":true,"href":"https:\/\/www.europesays.com\/fr\/wp-json\/wp\/v2\/media\/323341"}],"wp:attachment":[{"href":"https:\/\/www.europesays.com\/fr\/wp-json\/wp\/v2\/media?parent=323340"}],"wp:term":[{"taxonomy":"category","embeddable":true,"href":"https:\/\/www.europesays.com\/fr\/wp-json\/wp\/v2\/categories?post=323340"},{"taxonomy":"post_tag","embeddable":true,"href":"https:\/\/www.europesays.com\/fr\/wp-json\/wp\/v2\/tags?post=323340"}],"curies":[{"name":"wp","href":"https:\/\/api.w.org\/{rel}","templated":true}]}}