{"id":323345,"date":"2025-08-16T17:54:34","date_gmt":"2025-08-16T17:54:34","guid":{"rendered":"https:\/\/www.europesays.com\/fr\/323345\/"},"modified":"2025-08-16T17:54:34","modified_gmt":"2025-08-16T17:54:34","slug":"ludres-multi-accueil-les-primeveres-pique-nique-de-cloture","status":"publish","type":"post","link":"https:\/\/www.europesays.com\/fr\/323345\/","title":{"rendered":"Ludres. Multi-accueil Les Primev\u00e8res\u00a0: pique-nique de cl\u00f4ture"},"content":{"rendered":"<p>Le dernier jour d\u2019accueil de l\u2019ann\u00e9e 2024-2025 au multi-accueil Les Primev\u00e8res (pour la cr\u00e8che collective) a \u00e9t\u00e9 marqu\u00e9 de mani\u00e8re originale. Les professionnelles ont organis\u00e9 un pique-nique \u00e0 l\u2019ombre du kiosque au parc Sainte-Th\u00e9r\u00e8se. Les enfants, bien entour\u00e9s, ont pris place et ont d\u00e9gust\u00e9 les mets pr\u00e9par\u00e9s\u00a0: sandwichs, l\u00e9gumes et fruits. Un moment \u00ab\u00a0hors les murs\u00a0\u00bb. Soleil et bonne humeur \u00e9taient au rendez-vous.<\/p>\n","protected":false},"excerpt":{"rendered":"Le dernier jour d\u2019accueil de l\u2019ann\u00e9e 2024-2025 au multi-accueil Les Primev\u00e8res (pour la cr\u00e8che collective) a \u00e9t\u00e9 marqu\u00e9&hellip;\n","protected":false},"author":2,"featured_media":323346,"comment_status":"","ping_status":"","sticky":false,"template":"","format":"standard","meta":{"footnotes":""},"categories":[9635],"tags":[1111,11,1687,1704,1777,674,1011,27,775,11413,9649,1702,12,25],"class_list":{"0":"post-323345","1":"post","2":"type-post","3":"status-publish","4":"format-standard","5":"has-post-thumbnail","7":"category-nancy","8":"tag-actu","9":"tag-actualites","10":"tag-culture-loisirs","11":"tag-edition-nancy-et-agglomeration","12":"tag-eu","13":"tag-europe","14":"tag-fr","15":"tag-france","16":"tag-grand-est","17":"tag-ludres","18":"tag-metropole-du-grand-nancy-54b2","19":"tag-nancy","20":"tag-news","21":"tag-republique-francaise"},"share_on_mastodon":{"url":"https:\/\/pubeurope.com\/@fr\/115039729441783411","error":""},"_links":{"self":[{"href":"https:\/\/www.europesays.com\/fr\/wp-json\/wp\/v2\/posts\/323345","targetHints":{"allow":["GET"]}}],"collection":[{"href":"https:\/\/www.europesays.com\/fr\/wp-json\/wp\/v2\/posts"}],"about":[{"href":"https:\/\/www.europesays.com\/fr\/wp-json\/wp\/v2\/types\/post"}],"author":[{"embeddable":true,"href":"https:\/\/www.europesays.com\/fr\/wp-json\/wp\/v2\/users\/2"}],"replies":[{"embeddable":true,"href":"https:\/\/www.europesays.com\/fr\/wp-json\/wp\/v2\/comments?post=323345"}],"version-history":[{"count":0,"href":"https:\/\/www.europesays.com\/fr\/wp-json\/wp\/v2\/posts\/323345\/revisions"}],"wp:featuredmedia":[{"embeddable":true,"href":"https:\/\/www.europesays.com\/fr\/wp-json\/wp\/v2\/media\/323346"}],"wp:attachment":[{"href":"https:\/\/www.europesays.com\/fr\/wp-json\/wp\/v2\/media?parent=323345"}],"wp:term":[{"taxonomy":"category","embeddable":true,"href":"https:\/\/www.europesays.com\/fr\/wp-json\/wp\/v2\/categories?post=323345"},{"taxonomy":"post_tag","embeddable":true,"href":"https:\/\/www.europesays.com\/fr\/wp-json\/wp\/v2\/tags?post=323345"}],"curies":[{"name":"wp","href":"https:\/\/api.w.org\/{rel}","templated":true}]}}