{"id":323351,"date":"2025-08-16T17:57:11","date_gmt":"2025-08-16T17:57:11","guid":{"rendered":"https:\/\/www.europesays.com\/fr\/323351\/"},"modified":"2025-08-16T17:57:11","modified_gmt":"2025-08-16T17:57:11","slug":"on-vous-raconte-comment-le-toulon-metropole-futsal-sest-retrouve-en-match-amical-contre-le-fc-barcelone-2","status":"publish","type":"post","link":"https:\/\/www.europesays.com\/fr\/323351\/","title":{"rendered":"On vous raconte comment le Toulon m\u00e9tropole futsal s\u2019est retrouv\u00e9 en match amical contre le FC Barcelone"},"content":{"rendered":"<\/p>\n<p>\u00ab\u00a0Si le Bar\u00e7a nous repropose de jouer le 1 janvier \u00e0 6 heures du matin, on y va direct!\u00a0\u00bb Sergue\u00ef Padalinski n\u2019en revenait presque toujours pas ce samedi, sur la route du retour, au lendemain d\u2019un improbable match amical qui a oppos\u00e9 son \u00e9quipe de Toulon au FC Barcelone, soit l\u2019un des tout meilleurs clubs d\u2019Europe.<\/p>\n<p>Pour beaucoup, voire pour tous, \u00e0 commencer par les Espagnols du TMF (Ordo\u00f1ez, Villaverde, Gomez, Quiles), il s\u2019agissait d\u2019un r\u00eave. Celui-ci s\u2019est concr\u00e9tis\u00e9 gr\u00e2ce \u00e0 un homme: Lluis Bernat Molina, pass\u00e9, de 2016 \u00e0 2018, sur le banc de Toulon, un club \u00ab\u00a0qui est toujours dans [son] c\u0153ur\u00a0\u00bb.<\/p>\n<p>Or il vient \u00e0 peine de devenir coach adjoint au Bar\u00e7a, apr\u00e8s sept ans \u00e0 sillonner l\u2019Asie, \u00e0 la t\u00eate de clubs au Viet Nam, au Japon, au Koweit et en Tha\u00eflande, puis de la s\u00e9lection du Kirghizistan.<\/p>\n<p>Molina: \u00ab\u00a0Une bonne image\u00a0\u00bb<\/p>\n<p>Le FC Barcelone ne trouvait pas d\u2019adversaire pour d\u00e9buter sa pr\u00e9saison? Il a r\u00e9gl\u00e9 l\u2019affaire en un coup de fil. \u00ab\u00a0Sassi (Ben Naceur, le manager), avec qui je suis souvent en contact, \u00e9tait pr\u00eat \u00e0 venir dans la minute\u00a0\u00bb, sourit le Catalan, heureux de rentrer chez lui, mais aussi de recroiser la route de son ancien adjoint, Karim Deman-Marouani, ou de ses anciens joueurs, comme Pupa et Nito.<\/p>\n<p>Il \u00e9tait d\u2019ailleurs \u00e0 l\u2019origine d\u2019une confrontation similaire en 2016. Sauf que cette fois, le Bar\u00e7a a align\u00e9 son armada. Toulon a beau \u00eatre une place forte de la D1 futsal, le r\u00e9sultat n\u2019a pas offert de suspense: 6-0 pour les partenaires de l\u2019international fran\u00e7ais Mamadou Tour\u00e9 et de quelques champions du monde br\u00e9siliens, comme Pito.<\/p>\n<p>D\u2019apr\u00e8s Lluis Bernat Molina, pourtant, les Rouge et Noir \u00ab\u00a0ont \u00e9t\u00e9 supers\u00a0\u00bb. \u00ab\u00a0Ils \u00e9taient bien plac\u00e9s en d\u00e9fense, ont montr\u00e9 de l\u2019envie et un bon esprit et n\u2019ont rien l\u00e2ch\u00e9. Ils ont vraiment donn\u00e9 une bonne image. Pour nous, c\u2019\u00e9tait un vrai plaisir aussi, nos joueurs avaient h\u00e2te d\u2019en d\u00e9coudre\u00a0\u00bb, ajoute-t-il.<\/p>\n<p>Serguei Padalinski, qui aurait pr\u00e9f\u00e9r\u00e9 affronter un tel adversaire en fin de pr\u00e9paration, se montre lui aussi encourageant, dix jours \u00e0 peine apr\u00e8s la reprise de l\u2019entra\u00eenement: \u00ab\u00a0C\u2019\u00e9tait une tr\u00e8s bonne exp\u00e9rience pour tout le monde. Nos dix premi\u00e8res minutes ont \u00e9t\u00e9 excellentes, on a bien travaill\u00e9 en d\u00e9fense. Et on n\u2019a pas pris de buts faciles.\u00a0\u00bb<\/p>\n<p>Le coach toulonnais a aussi pu donner du temps de jeu \u00e0 tous, sauf Pupa et Skora, m\u00e9nag\u00e9s.<\/p>\n<p>Prochain rendez-vous pour le TMF ? Un nouvel amical, ce mercredi, contre Cannes, club de R\u00e9gional 1. Le grand \u00e9cart.<\/p>\n","protected":false},"excerpt":{"rendered":"\u00ab\u00a0Si le Bar\u00e7a nous repropose de jouer le 1 janvier \u00e0 6 heures du matin, on y va&hellip;\n","protected":false},"author":2,"featured_media":323350,"comment_status":"","ping_status":"","sticky":false,"template":"","format":"standard","meta":{"footnotes":""},"categories":[9619],"tags":[1111,11,1777,674,1011,27,24912,12,882,25,60,2310],"class_list":{"0":"post-323351","1":"post","2":"type-post","3":"status-publish","4":"format-standard","5":"has-post-thumbnail","7":"category-toulon","8":"tag-actu","9":"tag-actualites","10":"tag-eu","11":"tag-europe","12":"tag-fr","13":"tag-france","14":"tag-futsal","15":"tag-news","16":"tag-provence-alpes-cote-dazur","17":"tag-republique-francaise","18":"tag-sports","19":"tag-toulon"},"share_on_mastodon":{"url":"https:\/\/pubeurope.com\/@fr\/115039741192718856","error":""},"_links":{"self":[{"href":"https:\/\/www.europesays.com\/fr\/wp-json\/wp\/v2\/posts\/323351","targetHints":{"allow":["GET"]}}],"collection":[{"href":"https:\/\/www.europesays.com\/fr\/wp-json\/wp\/v2\/posts"}],"about":[{"href":"https:\/\/www.europesays.com\/fr\/wp-json\/wp\/v2\/types\/post"}],"author":[{"embeddable":true,"href":"https:\/\/www.europesays.com\/fr\/wp-json\/wp\/v2\/users\/2"}],"replies":[{"embeddable":true,"href":"https:\/\/www.europesays.com\/fr\/wp-json\/wp\/v2\/comments?post=323351"}],"version-history":[{"count":0,"href":"https:\/\/www.europesays.com\/fr\/wp-json\/wp\/v2\/posts\/323351\/revisions"}],"wp:featuredmedia":[{"embeddable":true,"href":"https:\/\/www.europesays.com\/fr\/wp-json\/wp\/v2\/media\/323350"}],"wp:attachment":[{"href":"https:\/\/www.europesays.com\/fr\/wp-json\/wp\/v2\/media?parent=323351"}],"wp:term":[{"taxonomy":"category","embeddable":true,"href":"https:\/\/www.europesays.com\/fr\/wp-json\/wp\/v2\/categories?post=323351"},{"taxonomy":"post_tag","embeddable":true,"href":"https:\/\/www.europesays.com\/fr\/wp-json\/wp\/v2\/tags?post=323351"}],"curies":[{"name":"wp","href":"https:\/\/api.w.org\/{rel}","templated":true}]}}