{"id":323362,"date":"2025-08-16T18:07:13","date_gmt":"2025-08-16T18:07:13","guid":{"rendered":"https:\/\/www.europesays.com\/fr\/323362\/"},"modified":"2025-08-16T18:07:13","modified_gmt":"2025-08-16T18:07:13","slug":"pour-sa-premiere-edition-le-roazhon-fest-a-rennes-attire-plus-dun-millier-de-personnes-il-y-a-de-la-demande-pour-le-palet","status":"publish","type":"post","link":"https:\/\/www.europesays.com\/fr\/323362\/","title":{"rendered":"Pour sa premi\u00e8re \u00e9dition, le Roazhon Fest \u00e0 Rennes attire plus d\u2019un millier de personnes\u00a0: \u00ab\u00a0Il y a de la demande pour le palet\u00a0\u00bb"},"content":{"rendered":"<p>Au lendemain, de cette premi\u00e8re, l\u2019organisation assure avoir rempli ses objectifs. Malgr\u00e9 le soleil, de nombreux joueurs avaient coch\u00e9 la date. La p\u00e9tanque a affich\u00e9 complet avec douze \u00e9quipes et pour les palets, \u00ab 55 doublettes ont particip\u00e9 \u00bb, annonce Jade Lef\u00e8vre, charg\u00e9 de la communication pour l\u2019association Roazhon fusion, organisatrice de l\u2019\u00e9v\u00e9nement. \u00ab Il y a de la demande pour le palet \u00bb, poursuit la charg\u00e9e de communication.<\/p>\n<p>Une diversit\u00e9<\/p>\n<p>L\u2019ADN de l\u2019association Roazhon fusion, c\u2019est sa diversit\u00e9 de public et de joueurs. Et cet esprit s\u2019est refl\u00e9t\u00e9 ce 15 ao\u00fbt. \u00c9tudiants, anciens, sportifs et curieux ont fait le d\u00e9placement. \u00ab C\u2019est g\u00e9n\u00e9ralement le cas quand on organise nos \u00e9v\u00e9nements, confirme Jade Lef\u00e8vre. Il y a un c\u00f4t\u00e9 interg\u00e9n\u00e9rationnel, avec des jeunes, des moins jeunes. On voit aussi de l\u2019entraide entre eux. Il y avait aussi un public familial avec la pr\u00e9sence de jeux en bois. \u00bb<\/p>\n<p><img decoding=\"async\" src=\"https:\/\/www.europesays.com\/fr\/wp-content\/uploads\/2025\/08\/68a09e71c730d4b8b004d341.1.jpeg\" width=\"480\" height=\"300\" class=\"web_golden_m\" loading=\"lazy\" alt=\"Une cinquantaine d\u2019\u00e9quipes \u00e9taient inscrites lors du festival.\"\/>Une cinquantaine d\u2019\u00e9quipes \u00e9taient inscrites lors du festival. (Le T\u00e9l\u00e9gramme\/Roazhon fest)<\/p>\n<p>Le soir, les concerts gratuits ont \u00e9galement s\u00e9duit. \u00ab Selon la s\u00e9curit\u00e9, il y avait en simultan\u00e9 environ 500 personnes pour les concerts, pr\u00e9cise la charg\u00e9e de communication. Sur toute la journ\u00e9e, c\u2019est entre 1 200 et 1 500 personnes qui sont venues. \u00bb<\/p>\n<p>L\u2019ann\u00e9e prochaine<\/p>\n<p>\u00c0 l\u2019heure du rangement, la t\u00eate n\u2019est pas \u00e0 l\u2019organisation d\u2019une deuxi\u00e8me \u00e9dition. \u00ab Pas pour l\u2019instant, il faut qu\u2019on attende de faire le point. Mais des personnes veulent d\u00e9j\u00e0 s\u2019inscrire comme b\u00e9n\u00e9voles pour l\u2019ann\u00e9e prochaine. \u00bb En attendant, les copains de Roazhon fusion continueront de lancer leurs palets sur le sol des prairies Saint-Martin.<\/p>\n","protected":false},"excerpt":{"rendered":"Au lendemain, de cette premi\u00e8re, l\u2019organisation assure avoir rempli ses objectifs. Malgr\u00e9 le soleil, de nombreux joueurs avaient&hellip;\n","protected":false},"author":2,"featured_media":323363,"comment_status":"","ping_status":"","sticky":false,"template":"","format":"standard","meta":{"footnotes":""},"categories":[2821],"tags":[1111,11,829,1777,674,1011,27,848,12,584,25],"class_list":{"0":"post-323362","1":"post","2":"type-post","3":"status-publish","4":"format-standard","5":"has-post-thumbnail","7":"category-rennes","8":"tag-actu","9":"tag-actualites","10":"tag-bretagne","11":"tag-eu","12":"tag-europe","13":"tag-fr","14":"tag-france","15":"tag-ille-et-vilaine","16":"tag-news","17":"tag-rennes","18":"tag-republique-francaise"},"share_on_mastodon":{"url":"https:\/\/pubeurope.com\/@fr\/115039781112389728","error":""},"_links":{"self":[{"href":"https:\/\/www.europesays.com\/fr\/wp-json\/wp\/v2\/posts\/323362","targetHints":{"allow":["GET"]}}],"collection":[{"href":"https:\/\/www.europesays.com\/fr\/wp-json\/wp\/v2\/posts"}],"about":[{"href":"https:\/\/www.europesays.com\/fr\/wp-json\/wp\/v2\/types\/post"}],"author":[{"embeddable":true,"href":"https:\/\/www.europesays.com\/fr\/wp-json\/wp\/v2\/users\/2"}],"replies":[{"embeddable":true,"href":"https:\/\/www.europesays.com\/fr\/wp-json\/wp\/v2\/comments?post=323362"}],"version-history":[{"count":0,"href":"https:\/\/www.europesays.com\/fr\/wp-json\/wp\/v2\/posts\/323362\/revisions"}],"wp:featuredmedia":[{"embeddable":true,"href":"https:\/\/www.europesays.com\/fr\/wp-json\/wp\/v2\/media\/323363"}],"wp:attachment":[{"href":"https:\/\/www.europesays.com\/fr\/wp-json\/wp\/v2\/media?parent=323362"}],"wp:term":[{"taxonomy":"category","embeddable":true,"href":"https:\/\/www.europesays.com\/fr\/wp-json\/wp\/v2\/categories?post=323362"},{"taxonomy":"post_tag","embeddable":true,"href":"https:\/\/www.europesays.com\/fr\/wp-json\/wp\/v2\/tags?post=323362"}],"curies":[{"name":"wp","href":"https:\/\/api.w.org\/{rel}","templated":true}]}}