{"id":323374,"date":"2025-08-16T18:19:14","date_gmt":"2025-08-16T18:19:14","guid":{"rendered":"https:\/\/www.europesays.com\/fr\/323374\/"},"modified":"2025-08-16T18:19:14","modified_gmt":"2025-08-16T18:19:14","slug":"pres-de-bordeaux-60-pompiers-mobilises-pour-un-incendie-dans-le-parking-souterrain-dune-residence","status":"publish","type":"post","link":"https:\/\/www.europesays.com\/fr\/323374\/","title":{"rendered":"Pr\u00e8s de Bordeaux, 60 pompiers mobilis\u00e9s pour un incendie dans le parking souterrain d&rsquo;une r\u00e9sidence"},"content":{"rendered":"<p>            Par<br \/>\n        <strong><br \/>\n            <a href=\"https:\/\/actu.fr\/auteur\/charlotte-lesprit\" title=\"Consulter tous les articles de Charlotte Lesprit\" rel=\"nofollow noopener\" target=\"_blank\">Charlotte Lesprit<\/a><br \/>\n        <\/strong><\/p>\n<p>        Publi\u00e9 le<\/p>\n<p>            16 ao\u00fbt 2025 \u00e0 19h23        <\/p>\n<p>Les <a href=\"https:\/\/actu.fr\/tag\/pompiers\" rel=\"nofollow noopener\" target=\"_blank\">pompiers<\/a> ont \u00e9t\u00e9 appel\u00e9s ce samedi 16\u00a0ao\u00fbt, vers 8\u2009h\u200930, pour un incendie survenu dans le <strong>parking souterrain d\u2019une r\u00e9sidence<\/strong> situ\u00e9e au 14, rue Henri-Descot, \u00e0 Cenon, en banlieue de Bordeaux.<\/p>\n<p>Les habitants \u00e9vacu\u00e9s<\/p>\n<p class=\" wall-content\">Environ <strong>soixante sapeurs-pompiers<\/strong> ont \u00e9t\u00e9 mobilis\u00e9s sur place, et trois lances ont \u00e9t\u00e9 d\u00e9ploy\u00e9es pour ma\u00eetriser les flammes. L\u2019<a href=\"https:\/\/actu.fr\/tag\/incendie\" rel=\"nofollow noopener\" target=\"_blank\">incendie<\/a> s\u2019est d\u00e9clar\u00e9<strong> au premier sous-sol<\/strong> d\u2019un parking qui en compte deux, et a d\u00e9truit quatre v\u00e9hicules l\u00e9gers.<\/p>\n<p class=\" wall-content\">Par mesure de s\u00e9curit\u00e9, une cinquantaine de r\u00e9sidents ont \u00e9t\u00e9 \u00e9vacu\u00e9s de mani\u00e8re pr\u00e9ventive. Une entreprise sp\u00e9cialis\u00e9e devra \u00eatre mandat\u00e9e par la mairie pour<strong> r\u00e9aliser une expertise des lieux<\/strong>.<\/p>\n<p class=\" wall-content\">Suivez toute l\u2019actualit\u00e9 de vos villes et m\u00e9dias favoris en vous inscrivant \u00e0 <a href=\"https:\/\/moncompte.actu.fr\" title=\"D\u00e9couvez Mon Actu\" rel=\"nofollow noopener\" data-trk=\"{&quot;cta&quot;:{&quot;action&quot;:&quot;https:\\\/\\\/moncompte.actu.fr&quot;,&quot;category&quot;:&quot;mon compte&quot;,&quot;from&quot;:&quot;article footer&quot;,&quot;name&quot;:&quot;Mon actu&quot;,&quot;type&quot;:&quot;cta&quot;}}\" target=\"_blank\">Mon Actu<\/a>.<\/p>\n","protected":false},"excerpt":{"rendered":"Par Charlotte Lesprit Publi\u00e9 le 16 ao\u00fbt 2025 \u00e0 19h23 Les pompiers ont \u00e9t\u00e9 appel\u00e9s ce samedi 16\u00a0ao\u00fbt,&hellip;\n","protected":false},"author":2,"featured_media":323375,"comment_status":"","ping_status":"","sticky":false,"template":"","format":"standard","meta":{"footnotes":""},"categories":[2817],"tags":[1111,11,1997,1777,674,118,1011,27,1310,12,2219,1311,25],"class_list":{"0":"post-323374","1":"post","2":"type-post","3":"status-publish","4":"format-standard","5":"has-post-thumbnail","7":"category-bordeaux","8":"tag-actu","9":"tag-actualites","10":"tag-bordeaux","11":"tag-eu","12":"tag-europe","13":"tag-faits-divers","14":"tag-fr","15":"tag-france","16":"tag-incendie","17":"tag-news","18":"tag-nouvelle-aquitaine","19":"tag-pompiers","20":"tag-republique-francaise"},"share_on_mastodon":{"url":"https:\/\/pubeurope.com\/@fr\/115039827663054386","error":""},"_links":{"self":[{"href":"https:\/\/www.europesays.com\/fr\/wp-json\/wp\/v2\/posts\/323374","targetHints":{"allow":["GET"]}}],"collection":[{"href":"https:\/\/www.europesays.com\/fr\/wp-json\/wp\/v2\/posts"}],"about":[{"href":"https:\/\/www.europesays.com\/fr\/wp-json\/wp\/v2\/types\/post"}],"author":[{"embeddable":true,"href":"https:\/\/www.europesays.com\/fr\/wp-json\/wp\/v2\/users\/2"}],"replies":[{"embeddable":true,"href":"https:\/\/www.europesays.com\/fr\/wp-json\/wp\/v2\/comments?post=323374"}],"version-history":[{"count":0,"href":"https:\/\/www.europesays.com\/fr\/wp-json\/wp\/v2\/posts\/323374\/revisions"}],"wp:featuredmedia":[{"embeddable":true,"href":"https:\/\/www.europesays.com\/fr\/wp-json\/wp\/v2\/media\/323375"}],"wp:attachment":[{"href":"https:\/\/www.europesays.com\/fr\/wp-json\/wp\/v2\/media?parent=323374"}],"wp:term":[{"taxonomy":"category","embeddable":true,"href":"https:\/\/www.europesays.com\/fr\/wp-json\/wp\/v2\/categories?post=323374"},{"taxonomy":"post_tag","embeddable":true,"href":"https:\/\/www.europesays.com\/fr\/wp-json\/wp\/v2\/tags?post=323374"}],"curies":[{"name":"wp","href":"https:\/\/api.w.org\/{rel}","templated":true}]}}