{"id":323380,"date":"2025-08-16T18:23:10","date_gmt":"2025-08-16T18:23:10","guid":{"rendered":"https:\/\/www.europesays.com\/fr\/323380\/"},"modified":"2025-08-16T18:23:10","modified_gmt":"2025-08-16T18:23:10","slug":"brest-lille-les-compos-probables-pour-la-premiere-journee-de-ligue-1","status":"publish","type":"post","link":"https:\/\/www.europesays.com\/fr\/323380\/","title":{"rendered":"Brest &#8211; Lille\u00a0: les compos probables pour la premi\u00e8re journ\u00e9e de Ligue\u00a01"},"content":{"rendered":"<p>Ligue 1 (1re journ\u00e9e). Stade Brestois &#8211; Lille, ce dimanche (15 h)<\/p>\n<p>Si \u00c9ric Roy aimerait avoir plus de casse-t\u00eate pour composer son groupe face \u00e0 Lille, ce dimanche (15 h), l\u2019entra\u00eeneur brestois peut d\u00e9j\u00e0 se f\u00e9liciter <a href=\"https:\/\/www.letelegramme.fr\/sports\/football\/stade-brestois\/brest-lille-on-a-eu-du-mal-a-avoir-20-joueurs-les-brestois-quand-meme-au-complet-pour-la-reprise-de-la-ligue-1-6871723.php\" target=\"_blank\" rel=\"noopener\">de n\u2019avoir aucun bless\u00e9 \u00e0 d\u00e9plorer<\/a>. La seule incertitude concernait Justin Bourgault, remis de sa blessure et de retour \u00e0 l\u2019entra\u00eenement cette semaine. L\u2019effectif brestois, d\u00e9j\u00e0 priv\u00e9 de Mahdi Camara parti \u00e0 Rennes, devrait encore \u00e9voluer d\u2019ici au 1er septembre (20 h).<\/p>\n<p>Ce match pourrait aussi offrir leurs premi\u00e8res minutes officielles aux recrues estivales <a href=\"https:\/\/www.letelegramme.fr\/sports\/football\/stade-brestois\/lan-dernier-ca-a-ete-tres-dur-pour-moi-radoslaw-majecki-pret-pour-un-nouveau-depart-a-brest-6871870.php\" target=\"_blank\" rel=\"noopener\">Radoslaw Majecki<\/a> \ufeffet Junior Diaz.<\/p>\n<p>Lille affaiblit mais avec Giroud ?<\/p>\n<p>C\u00f4t\u00e9 lillois, Bruno Genesio devra composer sans plusieurs cadres. <a href=\"https:\/\/www.letelegramme.fr\/sports\/football\/giroud-chevalier-perraud-quelle-preparation-pour-lille-premier-adversaire-du-stade-brestois-en-ligue-1-6870316.php\" target=\"_blank\" rel=\"noopener\">Apr\u00e8s avoir perdu cet \u00e9t\u00e9<\/a> Jonathan David, Lucas Chevalier, Bafod\u00e9 Diakit\u00e9, Gabriel Gudmundsson ou encore Angel Gomes, l\u2019ancien coach rennais est priv\u00e9 de sept autres joueurs, dont Edon Zhegrova, \u00e9cart\u00e9 du groupe et proche d\u2019un d\u00e9part. Cette premi\u00e8re journ\u00e9e de Ligue 1 pourrait n\u00e9anmoins marquer le grand retour d\u2019Olivier Giroud dans le championnat.<\/p>\n<p class=\"titre-tech\">Les \u00e9quipes probables<\/p>\n<p class=\"tech\"><strong class=\"tech\">STADE BRESTOIS. <\/strong>Majecki, Lala, Chardonnet (cap.), Diaz, Locko &#8211; Doumbia, Lees-Melou, Magnetti &#8211; Del Castillo, Ajorque, Bald\u00e9.<\/p>\n<p class=\"tech\">Rempla\u00e7ants : (\u00e0 choisir parmi) : Coudert, Jauny (g.), Bourgault, Le Cardinal, Le Guen, Zogb\u00e9, Makalou, Mbock, Diop, Camblan, Kant\u00e9. Entra\u00eeneur : \u00c9ric Roy.<\/p>\n<p class=\"tech\"><strong class=\"tech\">LILLE<\/strong>. \u00d6zer &#8211; O. Tour\u00e9, Ngoy, Alexsandro, Perraud &#8211; Andr\u00e9 (cap.), Mukau &#8211; Correia, Haraldsson, Fernandez &#8211; Pardo &#8211; Giroud. Entra\u00eeneur : Bruno Genesio<\/p>\n<p class=\"tech\">Absents : Sahraoui (pied), Mandi (adducteurs), Caillard (coude), E. Mbapp\u00e9 (ischio-jambiers), Santos (malade), Meunier (suspendu) et Zhegrova (choix).<\/p>\n<p class=\"tech\"><strong class=\"tech\">Arbitre : <\/strong>Cl\u00e9ment Turpin.<\/p>\n","protected":false},"excerpt":{"rendered":"Ligue 1 (1re journ\u00e9e). Stade Brestois &#8211; Lille, ce dimanche (15 h) Si \u00c9ric Roy aimerait avoir plus&hellip;\n","protected":false},"author":2,"featured_media":323381,"comment_status":"","ping_status":"","sticky":false,"template":"","format":"standard","meta":{"footnotes":""},"categories":[2815],"tags":[1111,11,3450,3166,1777,674,63,1011,27,811,66,1307,12,25,60,4449],"class_list":{"0":"post-323380","1":"post","2":"type-post","3":"status-publish","4":"format-standard","5":"has-post-thumbnail","7":"category-lille","8":"tag-actu","9":"tag-actualites","10":"tag-brest","11":"tag-en-continu-sports","12":"tag-eu","13":"tag-europe","14":"tag-football","15":"tag-fr","16":"tag-france","17":"tag-hauts-de-france","18":"tag-ligue-1","19":"tag-lille","20":"tag-news","21":"tag-republique-francaise","22":"tag-sports","23":"tag-stade-brestois"},"share_on_mastodon":{"url":"https:\/\/pubeurope.com\/@fr\/115039843713404542","error":""},"_links":{"self":[{"href":"https:\/\/www.europesays.com\/fr\/wp-json\/wp\/v2\/posts\/323380","targetHints":{"allow":["GET"]}}],"collection":[{"href":"https:\/\/www.europesays.com\/fr\/wp-json\/wp\/v2\/posts"}],"about":[{"href":"https:\/\/www.europesays.com\/fr\/wp-json\/wp\/v2\/types\/post"}],"author":[{"embeddable":true,"href":"https:\/\/www.europesays.com\/fr\/wp-json\/wp\/v2\/users\/2"}],"replies":[{"embeddable":true,"href":"https:\/\/www.europesays.com\/fr\/wp-json\/wp\/v2\/comments?post=323380"}],"version-history":[{"count":0,"href":"https:\/\/www.europesays.com\/fr\/wp-json\/wp\/v2\/posts\/323380\/revisions"}],"wp:featuredmedia":[{"embeddable":true,"href":"https:\/\/www.europesays.com\/fr\/wp-json\/wp\/v2\/media\/323381"}],"wp:attachment":[{"href":"https:\/\/www.europesays.com\/fr\/wp-json\/wp\/v2\/media?parent=323380"}],"wp:term":[{"taxonomy":"category","embeddable":true,"href":"https:\/\/www.europesays.com\/fr\/wp-json\/wp\/v2\/categories?post=323380"},{"taxonomy":"post_tag","embeddable":true,"href":"https:\/\/www.europesays.com\/fr\/wp-json\/wp\/v2\/tags?post=323380"}],"curies":[{"name":"wp","href":"https:\/\/api.w.org\/{rel}","templated":true}]}}