{"id":323382,"date":"2025-08-16T18:24:10","date_gmt":"2025-08-16T18:24:10","guid":{"rendered":"https:\/\/www.europesays.com\/fr\/323382\/"},"modified":"2025-08-16T18:24:10","modified_gmt":"2025-08-16T18:24:10","slug":"des-minots-du-monde-entier-mobilises-sur-le-vieux-port-avec-le-secours-populaire","status":"publish","type":"post","link":"https:\/\/www.europesays.com\/fr\/323382\/","title":{"rendered":"Des minots du monde entier mobilis\u00e9s sur le Vieux-Port avec le Secours populaire"},"content":{"rendered":"<p>La main qui tient la bo\u00eete bleue est encore h\u00e9sitante, mais un adulte est l\u00e0 pour les assurer et les encadrer. Par petits groupes de trois ou quatre, apr\u00e8s avoir enfil\u00e9 des gilets jaunes ou bleus, ces enfants proposent aux passants des gobelets r\u00e9tractables et badges aux couleurs du Secours populaire fran\u00e7ais, moyennant un don de quelques euros. La somme r\u00e9colt\u00e9e en cette fin d\u2019apr\u00e8s-midi, ce samedi 16\u00a0ao\u00fbt, doit servir \u00e0 <a href=\"https:\/\/www.laprovence.com\/article\/france-monde\/44105715200180\/leau-un-facteur-de-prosperite-et-de-paix-quand-le-partage-est-equitable-pour-lonu\" target=\"_blank\" rel=\"nofollow noopener\">financer des projets facilitant l\u2019acc\u00e8s \u00e0 l\u2019eau<\/a> \u00e0 l\u2019international.<\/p>\n<p>Toute la semaine, une trentaine de minots venus de la R\u00e9union, mais aussi du Maroc, de Madagascar et des \u00c9tats-Unis, vivent des vacances marseillaises. \u00ab\u00a0En lien avec des associations partenaires dans les diff\u00e9rents pays, nous recevons ces enfants qui sont habituellement priv\u00e9s de vacances\u00a0\u00bb, \u00e9claire Bahia Hamouda, charg\u00e9e de projet jeunesse et sport au SPF 13.<\/p>\n<p>Le point d\u2019orgue de ce s\u00e9jour sera <a href=\"https:\/\/www.laprovence.com\/article\/region\/4705640067926514\/des-minots-de-marseille-oublies-des-vacances-savourent-une-sortie-au-parc-dattractions-grimmland\" target=\"_blank\" rel=\"nofollow noopener\">la grande Journ\u00e9e des oubli\u00e9s des vacances<\/a>, mercredi 20\u00a0ao\u00fbt, lorsqu\u2019ils embarqueront avec 800 enfants des Bouches-du-Rh\u00f4ne \u00e0 bord d\u2019un TGV sp\u00e9cialement affr\u00e9t\u00e9 par le Secours populaire. Direction\u00a0: Paris. Apr\u00e8s les visites organis\u00e9es dans les mus\u00e9es et monuments, les enfants se retrouveront tous sur le Champs-de-Mars. \u00ab\u00a0On y trouvera une structure en forme de goutte d\u2019eau, que les enfants rempliront de balles de ping-pong\u00a0\u00bb, promet Dinks, 25\u00a0ans, \u00e9ducateur sp\u00e9cialis\u00e9 et b\u00e9n\u00e9vole au SPF des Bouches-du-Rh\u00f4ne. Une mani\u00e8re d\u2019allier l\u2019utile \u00e0 l\u2019agr\u00e9able.<\/p>\n","protected":false},"excerpt":{"rendered":"La main qui tient la bo\u00eete bleue est encore h\u00e9sitante, mais un adulte est l\u00e0 pour les assurer&hellip;\n","protected":false},"author":2,"featured_media":323383,"comment_status":"","ping_status":"","sticky":false,"template":"","format":"standard","meta":{"footnotes":""},"categories":[2814],"tags":[17,1111,11,154,27321,1777,674,1011,27,884,24913,17479,74,12,316,882,25,3356,1179],"class_list":{"0":"post-323382","1":"post","2":"type-post","3":"status-publish","4":"format-standard","5":"has-post-thumbnail","7":"category-marseille","8":"tag-17","9":"tag-actu","10":"tag-actualites","11":"tag-des","12":"tag-entier","13":"tag-eu","14":"tag-europe","15":"tag-fr","16":"tag-france","17":"tag-marseille","18":"tag-minots","19":"tag-mobilises","20":"tag-monde","21":"tag-news","22":"tag-politique","23":"tag-provence-alpes-cote-dazur","24":"tag-republique-francaise","25":"tag-sur","26":"tag-vieux-port"},"share_on_mastodon":{"url":"https:\/\/pubeurope.com\/@fr\/115039847341753999","error":""},"_links":{"self":[{"href":"https:\/\/www.europesays.com\/fr\/wp-json\/wp\/v2\/posts\/323382","targetHints":{"allow":["GET"]}}],"collection":[{"href":"https:\/\/www.europesays.com\/fr\/wp-json\/wp\/v2\/posts"}],"about":[{"href":"https:\/\/www.europesays.com\/fr\/wp-json\/wp\/v2\/types\/post"}],"author":[{"embeddable":true,"href":"https:\/\/www.europesays.com\/fr\/wp-json\/wp\/v2\/users\/2"}],"replies":[{"embeddable":true,"href":"https:\/\/www.europesays.com\/fr\/wp-json\/wp\/v2\/comments?post=323382"}],"version-history":[{"count":0,"href":"https:\/\/www.europesays.com\/fr\/wp-json\/wp\/v2\/posts\/323382\/revisions"}],"wp:featuredmedia":[{"embeddable":true,"href":"https:\/\/www.europesays.com\/fr\/wp-json\/wp\/v2\/media\/323383"}],"wp:attachment":[{"href":"https:\/\/www.europesays.com\/fr\/wp-json\/wp\/v2\/media?parent=323382"}],"wp:term":[{"taxonomy":"category","embeddable":true,"href":"https:\/\/www.europesays.com\/fr\/wp-json\/wp\/v2\/categories?post=323382"},{"taxonomy":"post_tag","embeddable":true,"href":"https:\/\/www.europesays.com\/fr\/wp-json\/wp\/v2\/tags?post=323382"}],"curies":[{"name":"wp","href":"https:\/\/api.w.org\/{rel}","templated":true}]}}