{"id":323384,"date":"2025-08-16T18:25:11","date_gmt":"2025-08-16T18:25:11","guid":{"rendered":"https:\/\/www.europesays.com\/fr\/323384\/"},"modified":"2025-08-16T18:25:11","modified_gmt":"2025-08-16T18:25:11","slug":"dupraz-pointe-du-doigt-ce-defaut-recurent-et-cette-absence","status":"publish","type":"post","link":"https:\/\/www.europesays.com\/fr\/323384\/","title":{"rendered":"Dupraz pointe du doigt ce d\u00e9faut r\u00e9curent et cette absence !"},"content":{"rendered":"<p><strong>La d\u00e9faite de l\u2019Olympique de Marseille face au Stade Rennais (0-1), en ouverture de la saison 2025-2026, n\u2019a pas manqu\u00e9 de faire r\u00e9agir. Invit\u00e9 \u00e0 commenter la rencontre sur RMC Sport, Pascal Dupraz a livr\u00e9 une analyse sans d\u00e9tour, pointant du doigt les erreurs d\u00e9fensives marseillaises, responsables selon lui du but encaiss\u00e9 en toute fin de match.<\/strong><\/p>\n<p>\u00a0<\/p>\n<p><strong>\u00ab C\u2019est un cas d\u2019\u00e9cole \u00bb<\/strong>, a l\u00e2ch\u00e9 l\u2019ancien entra\u00eeneur de Toulouse, en \u00e9voquant l\u2019action d\u00e9cisive survenue \u00e0 la 91e minute. Pour lui, le positionnement des d\u00e9fenseurs marseillais est tout simplement incompr\u00e9hensible. <strong>\u00ab Quand tu as <a href=\"https:\/\/www.footballclubdemarseille.fr\/om-actualites\/mercato-om-quentin-merlin-justifie-son-arrivee-a-rennes.html\" target=\"_blank\" rel=\"noopener nofollow\">Merlin<\/a> qui est seul c\u00f4t\u00e9 gauche, c\u2019est un cas d\u2019\u00e9cole. Tu suis tes attaquants, tu ne joues pas le hors-jeu \u00e0 50 m\u00e8tres de ton but. Les d\u00e9fenseurs marseillais ont offert le but aux Rennais \u00bb,<\/strong> a-t-il ass\u00e9n\u00e9.<\/p>\n<p>\u00a0<\/p>\n<blockquote class=\"twitter-tweet-lazy\">\n<p dir=\"ltr\" lang=\"fr\">\u274c Pascal Dupraz : \u201cLe sc\u00e9nario du match a desservi les Marseillais. Mais leur propension \u00e0 prendre des buts est alarmante. L\u2019OM a offert le but aux Rennais. Ils ont oubli\u00e9 les fondamentaux d\u00e9fensifs.\u201d <a href=\"https:\/\/t.co\/uTKdunpKiz\" rel=\"nofollow\">pic.twitter.com\/uTKdunpKiz<\/a><\/p>\n<p>\u2014 Les Grandes Gueules du Sport \u2013 RMC (@GGsportRMC) <a href=\"https:\/\/twitter.com\/GGsportRMC\/status\/1956617563103781274?ref_src=twsrc%5Etfw\" rel=\"nofollow noopener\" target=\"_blank\">August 16, 2025<\/a><\/p>\n<\/blockquote>\n<p>Une critique lourde de sens, qui rappelle les failles d\u00e9j\u00e0 observ\u00e9es la saison pass\u00e9e. Dupraz n\u2019a pas h\u00e9sit\u00e9 \u00e0 \u00e9largir son analyse : <strong>\u00ab \u00c7a a \u00e9t\u00e9 trop souvent le cas la saison derni\u00e8re. On a parl\u00e9 des d\u00e9ficiences de l\u2019OM en d\u00e9fense, on en parlera encore. \u00bb<\/strong><\/p>\n<p>\u00a0<\/p>\n<p><strong>Les d\u00e9fenseurs marseillais ont offert le but aux Rennais <\/strong><\/p>\n<p>\u00a0<\/p>\n<p>Il reconna\u00eet cependant une absence de taille ce soir-l\u00e0 : celle de <strong>Medina<\/strong>, cens\u00e9 \u00eatre le patron de la d\u00e9fense olympienne. <strong>\u00ab Il faut rappeler que Medina n\u2019\u00e9tait pas l\u00e0. Ils l\u2019ont aussi pris pour r\u00e9gler les probl\u00e8mes d\u00e9fensifs, car c\u2019est un vrai d\u00e9fenseur et un vrai leader. \u00bb<\/strong><\/p>\n<p>\u00a0<\/p>\n<\/p>\n<p>\u00a0<\/p>\n<p>Au-del\u00e0 de la tactique, c\u2019est surtout l\u2019aspect mental qui inqui\u00e8te Dupraz. Selon lui, cette erreur illustre un \u00e9tat d\u2019esprit d\u00e9faillant : <strong>\u00ab C\u2019est le fait d\u2019une \u00e9quipe frustr\u00e9e de ne pas gagner, et qui en oublie les fondamentaux d\u00e9fensifs. \u00c0 0-0, l\u2019OM aurait \u00e9t\u00e9 frustr\u00e9, mais aurait fait un match nul \u00e0 l\u2019ext\u00e9rieur, \u00e7a n\u2019aurait pas \u00e9t\u00e9 un si mauvais r\u00e9sultat que \u00e7a. \u00bb<\/strong><\/p>\n<p>Cette analyse sans filtre met en lumi\u00e8re une v\u00e9rit\u00e9 d\u00e9rangeante pour Roberto De Zerbi : malgr\u00e9 un jeu port\u00e9 vers l\u2019avant, l\u2019OM reste fragile derri\u00e8re. Et \u00e0 ce niveau, chaque erreur se paie cash.<\/p>\n<p>            <script async src=\"https:\/\/platform.twitter.com\/widgets.js\" charset=\"utf-8\"><\/script><\/p>\n","protected":false},"excerpt":{"rendered":"La d\u00e9faite de l\u2019Olympique de Marseille face au Stade Rennais (0-1), en ouverture de la saison 2025-2026, n\u2019a&hellip;\n","protected":false},"author":2,"featured_media":323385,"comment_status":"","ping_status":"","sticky":false,"template":"","format":"standard","meta":{"footnotes":""},"categories":[2814],"tags":[1111,11,1777,674,1011,27,884,12,882,25],"class_list":{"0":"post-323384","1":"post","2":"type-post","3":"status-publish","4":"format-standard","5":"has-post-thumbnail","7":"category-marseille","8":"tag-actu","9":"tag-actualites","10":"tag-eu","11":"tag-europe","12":"tag-fr","13":"tag-france","14":"tag-marseille","15":"tag-news","16":"tag-provence-alpes-cote-dazur","17":"tag-republique-francaise"},"share_on_mastodon":{"url":"https:\/\/pubeurope.com\/@fr\/115039851255695961","error":""},"_links":{"self":[{"href":"https:\/\/www.europesays.com\/fr\/wp-json\/wp\/v2\/posts\/323384","targetHints":{"allow":["GET"]}}],"collection":[{"href":"https:\/\/www.europesays.com\/fr\/wp-json\/wp\/v2\/posts"}],"about":[{"href":"https:\/\/www.europesays.com\/fr\/wp-json\/wp\/v2\/types\/post"}],"author":[{"embeddable":true,"href":"https:\/\/www.europesays.com\/fr\/wp-json\/wp\/v2\/users\/2"}],"replies":[{"embeddable":true,"href":"https:\/\/www.europesays.com\/fr\/wp-json\/wp\/v2\/comments?post=323384"}],"version-history":[{"count":0,"href":"https:\/\/www.europesays.com\/fr\/wp-json\/wp\/v2\/posts\/323384\/revisions"}],"wp:featuredmedia":[{"embeddable":true,"href":"https:\/\/www.europesays.com\/fr\/wp-json\/wp\/v2\/media\/323385"}],"wp:attachment":[{"href":"https:\/\/www.europesays.com\/fr\/wp-json\/wp\/v2\/media?parent=323384"}],"wp:term":[{"taxonomy":"category","embeddable":true,"href":"https:\/\/www.europesays.com\/fr\/wp-json\/wp\/v2\/categories?post=323384"},{"taxonomy":"post_tag","embeddable":true,"href":"https:\/\/www.europesays.com\/fr\/wp-json\/wp\/v2\/tags?post=323384"}],"curies":[{"name":"wp","href":"https:\/\/api.w.org\/{rel}","templated":true}]}}