{"id":323386,"date":"2025-08-16T18:26:12","date_gmt":"2025-08-16T18:26:12","guid":{"rendered":"https:\/\/www.europesays.com\/fr\/323386\/"},"modified":"2025-08-16T18:26:12","modified_gmt":"2025-08-16T18:26:12","slug":"chambery-exposition-de-peintures-et-de-sculptures-a-la-traboule","status":"publish","type":"post","link":"https:\/\/www.europesays.com\/fr\/323386\/","title":{"rendered":"Chamb\u00e9ry. Exposition de peintures et de sculptures \u00e0 La Traboule"},"content":{"rendered":"<p>\u00c0 l\u00e0 Traboule, sur le th\u00e8me des lignes et de la transparence cette nouvelle exposition sera pr\u00e9sente jusqu\u2019\u00e0 la fin ao\u00fbt dans cet espace priv\u00e9 aujourd\u2019hui devenu un lieu de rendez-vous, pour d\u00e9couvrir les artistes de la r\u00e9gion. En effet l\u2019espace Traboule accueil tous les mois des artistes, et ce mois-ci, venez d\u00e9couvrir le travail de V\u00e9ronique Bonnier et Fabienne Quenard, peintre et sculptrice du bassin chamb\u00e9rien. Elles seront pr\u00e9sentes tous les jours de mardi \u00e0 dimanche, pour \u00e9changer avec vous.<\/p>\n<p class=\"note\">Exposition. Jusqu\u2019au dimanche 31\u00a0ao\u00fbt \u00e0 l\u2019espace Traboule, place m\u00e9tropole de 10\u00a0h \u00e0 13\u00a0h et de 15\u00a0h \u00e0 19\u00a0h. Entr\u00e9e libre. Informations\u00a0: https:\/\/atelier-bonnier.com &#8211; https:\/\/www.arc-en-lune.com.<\/p>\n","protected":false},"excerpt":{"rendered":"\u00c0 l\u00e0 Traboule, sur le th\u00e8me des lignes et de la transparence cette nouvelle exposition sera pr\u00e9sente jusqu\u2019\u00e0&hellip;\n","protected":false},"author":2,"featured_media":323387,"comment_status":"","ping_status":"","sticky":false,"template":"","format":"standard","meta":{"footnotes":""},"categories":[1889],"tags":[1111,11,2430,5509,12844,1687,7001,1777,674,2271,1011,27,2428,12,25],"class_list":{"0":"post-323386","1":"post","2":"type-post","3":"status-publish","4":"format-standard","5":"has-post-thumbnail","7":"category-lyon","8":"tag-actu","9":"tag-actualites","10":"tag-auvergne-rhone-alpes","11":"tag-chambery","12":"tag-chambery-bassin","13":"tag-culture-loisirs","14":"tag-edition-chambery-aix-les-bains","15":"tag-eu","16":"tag-europe","17":"tag-exposition-arts-plastiques","18":"tag-fr","19":"tag-france","20":"tag-lyon","21":"tag-news","22":"tag-republique-francaise"},"share_on_mastodon":{"url":"https:\/\/pubeurope.com\/@fr\/115039855273954077","error":""},"_links":{"self":[{"href":"https:\/\/www.europesays.com\/fr\/wp-json\/wp\/v2\/posts\/323386","targetHints":{"allow":["GET"]}}],"collection":[{"href":"https:\/\/www.europesays.com\/fr\/wp-json\/wp\/v2\/posts"}],"about":[{"href":"https:\/\/www.europesays.com\/fr\/wp-json\/wp\/v2\/types\/post"}],"author":[{"embeddable":true,"href":"https:\/\/www.europesays.com\/fr\/wp-json\/wp\/v2\/users\/2"}],"replies":[{"embeddable":true,"href":"https:\/\/www.europesays.com\/fr\/wp-json\/wp\/v2\/comments?post=323386"}],"version-history":[{"count":0,"href":"https:\/\/www.europesays.com\/fr\/wp-json\/wp\/v2\/posts\/323386\/revisions"}],"wp:featuredmedia":[{"embeddable":true,"href":"https:\/\/www.europesays.com\/fr\/wp-json\/wp\/v2\/media\/323387"}],"wp:attachment":[{"href":"https:\/\/www.europesays.com\/fr\/wp-json\/wp\/v2\/media?parent=323386"}],"wp:term":[{"taxonomy":"category","embeddable":true,"href":"https:\/\/www.europesays.com\/fr\/wp-json\/wp\/v2\/categories?post=323386"},{"taxonomy":"post_tag","embeddable":true,"href":"https:\/\/www.europesays.com\/fr\/wp-json\/wp\/v2\/tags?post=323386"}],"curies":[{"name":"wp","href":"https:\/\/api.w.org\/{rel}","templated":true}]}}