{"id":323390,"date":"2025-08-16T18:30:13","date_gmt":"2025-08-16T18:30:13","guid":{"rendered":"https:\/\/www.europesays.com\/fr\/323390\/"},"modified":"2025-08-16T18:30:13","modified_gmt":"2025-08-16T18:30:13","slug":"kishane-thompson-prend-sa-revanche-sur-le-champion-olympique-noah-lyles-sur-100-m","status":"publish","type":"post","link":"https:\/\/www.europesays.com\/fr\/323390\/","title":{"rendered":"Kishane Thompson prend sa revanche sur le champion olympique Noah Lyles sur 100\u00a0m"},"content":{"rendered":"<p>                          <img loading=\"lazy\" decoding=\"async\" src=\"https:\/\/www.europesays.com\/fr\/wp-content\/uploads\/2025\/08\/0c333a5_ftp-import-images-1-rihxe46vdpe4-2025-08-16t152129z-1696082521-up1el8g16nslj-rtrmadp-3-athle.jpeg\" alt=\"Le Jama\u00efcain Kishane Thompson, apr\u00e8s sa victoire lors de la finale du 100\u00a0m masculin du meeting de la Ligue de diamant de Chorzow, enlace l\u2019Am\u00e9ricain Noah Lyles, deuxi\u00e8me, en Pologne, le 16\u00a0ao\u00fbt\u00a02025.\"   width=\"664\" height=\"443\"\/>    Le Jama\u00efcain Kishane Thompson, apr\u00e8s sa victoire lors de la finale du 100\u00a0m masculin du meeting de la Ligue de diamant de Chorzow, enlace l\u2019Am\u00e9ricain Noah Lyles, deuxi\u00e8me, en Pologne, le 16\u00a0ao\u00fbt\u00a02025.  ALEKSANDRA SZMIGIEL \/ REUTERS                          <\/p>\n<p class=\"article__paragraph  \">Depuis leur duel aux Jeux de Paris 2024, <a href=\"https:\/\/www.lemonde.fr\/sport\/article\/2024\/08\/05\/jo-2024-l-americain-noah-lyles-s-offre-son-premier-titre-olympique-sur-100-m-a-la-photo-finish_6267734_3242.html\" rel=\"nofollow noopener\" target=\"_blank\">sold\u00e9 gr\u00e2ce \u00e0 la photo-finish avec une marge d\u00e9risoire de 5\u00a0milli\u00e8mes<\/a>, le champion olympique am\u00e9ricain Noah Lyles et son dauphin jama\u00efcain Kishane Thompson ne s\u2019\u00e9taient plus retrouv\u00e9s sur la m\u00eame ligne de d\u00e9part d\u2019une \u00e9preuve du 100\u00a0m. Jusqu\u2019\u00e0 ce samedi 16\u00a0ao\u00fbt et le meeting de la Ligue de diamant de Chorzow (Pologne), qui a vu Kishane Thompson s\u2019imposer, en 9\u00a0s\u00a087.<\/p>\n<p>                                            Lire aussi |  Article r\u00e9serv\u00e9 \u00e0 nos abonn\u00e9s  <a href=\"https:\/\/www.lemonde.fr\/sport\/article\/2024\/04\/17\/noah-lyles-le-sprinteur-showman-sur-la-trace-des-legendes-de-l-athletisme_6228380_3242.html\" class=\"js-article-read-also catcher--favoris__link\" data-premium=\"1\" id=\"article-title-3368690\" rel=\"nofollow noopener\" target=\"_blank\">Noah Lyles, le sprinteur-showman sur la trace des l\u00e9gendes de l\u2019athl\u00e9tisme<\/a>    <\/p>\n<p>   Lire plus tard  <\/p>\n<p class=\"article__paragraph  \">Le sprinteur de 24\u00a0ans a pris un d\u00e9part canon et n\u2019a jamais l\u00e2ch\u00e9 la t\u00eate de la course, malgr\u00e9 une fin impressionnante du Floridien de 28\u00a0ans. Ce dernier termine deuxi\u00e8me, en 9\u00a0s\u00a090, tandis que son compatriote Kenny Bednarek a pris la troisi\u00e8me place en 9\u00a0s\u00a096. De quoi augurer une belle bataille lors des Mondiaux d\u2019athl\u00e9tisme, qui se d\u00e9rouleront \u00e0 Tokyo dans un mois, du 13 au 21\u00a0septembre.<\/p>\n<p class=\"article__paragraph  \">Dans le reste de la journ\u00e9e, \u00e0 Chorzow, Armand Duplantis s\u2019est offert une nouvelle victoire en saut \u00e0 la perche, mais sans am\u00e9liorer son record du monde une quatri\u00e8me fois cette ann\u00e9e. <a href=\"https:\/\/www.lemonde.fr\/sport\/article\/2025\/08\/12\/le-perchiste-armand-duplantis-ameliore-son-record-du-monde-pour-la-troisieme-fois-en-2025_6628570_3242.html\" rel=\"nofollow noopener\" target=\"_blank\">Quatre jours apr\u00e8s avoir port\u00e9 sa meilleure r\u00e9f\u00e9rence \u00e0 6,29\u00a0m \u00e0 Budapest<\/a>, le Su\u00e9dois l\u2019a emport\u00e9 avec une barre \u00e0 6,10\u00a0m, \u00e0 son deuxi\u00e8me essai. Visiblement fatigu\u00e9, \u00ab\u00a0Mondo\u00a0\u00bb n\u2019a m\u00eame pas tent\u00e9 6,30\u00a0m, mais a, en revanche, essay\u00e9 de franchir 6,20\u00a0m, en vain. Le Grec Emmanouil Karalis, devenu cet \u00e9t\u00e9 le quatri\u00e8me meilleur perchiste de l\u2019histoire (6,08\u00a0m), termine deuxi\u00e8me avec un saut \u00e0 6,00\u00a0m, devant l\u2019Australien Kurtis Marschall (5,90\u00a0m).<\/p>\n<p>                                       Lire aussi |  Article r\u00e9serv\u00e9 \u00e0 nos abonn\u00e9s  <a href=\"https:\/\/www.lemonde.fr\/sport\/article\/2025\/08\/15\/les-tests-genetiques-exiges-par-world-athletics-se-heurtent-a-la-legislation-francaise_6629940_3242.html\" class=\"js-article-read-also catcher--favoris__link\" data-premium=\"1\" id=\"article-title-3434518\" rel=\"nofollow noopener\" target=\"_blank\">Les tests g\u00e9n\u00e9tiques exig\u00e9s par World Athletics et visant \u00e0 \u00ab\u00a0d\u00e9terminer le sexe biologique\u00a0\u00bb des participantes se heurtent \u00e0 la l\u00e9gislation fran\u00e7aise<\/a>    <\/p>\n<p>   Lire plus tard  <\/p>\n<p class=\"author__detail\">  Le Monde avec AFP  <\/p>\n","protected":false},"excerpt":{"rendered":"Le Jama\u00efcain Kishane Thompson, apr\u00e8s sa victoire lors de la finale du 100\u00a0m masculin du meeting de la&hellip;\n","protected":false},"author":2,"featured_media":323391,"comment_status":"","ping_status":"","sticky":false,"template":"","format":"standard","meta":{"footnotes":""},"categories":[1888],"tags":[1111,1928,11,1927,1777,674,1011,27,12,1926,626,1925,25],"class_list":{"0":"post-323390","1":"post","2":"type-post","3":"status-publish","4":"format-standard","5":"has-post-thumbnail","7":"category-paris","8":"tag-actu","9":"tag-actu-paris","10":"tag-actualites","11":"tag-actualites-paris","12":"tag-eu","13":"tag-europe","14":"tag-fr","15":"tag-france","16":"tag-news","17":"tag-news-paris","18":"tag-paris","19":"tag-paris-news","20":"tag-republique-francaise"},"share_on_mastodon":{"url":"https:\/\/pubeurope.com\/@fr\/115039871171792736","error":""},"_links":{"self":[{"href":"https:\/\/www.europesays.com\/fr\/wp-json\/wp\/v2\/posts\/323390","targetHints":{"allow":["GET"]}}],"collection":[{"href":"https:\/\/www.europesays.com\/fr\/wp-json\/wp\/v2\/posts"}],"about":[{"href":"https:\/\/www.europesays.com\/fr\/wp-json\/wp\/v2\/types\/post"}],"author":[{"embeddable":true,"href":"https:\/\/www.europesays.com\/fr\/wp-json\/wp\/v2\/users\/2"}],"replies":[{"embeddable":true,"href":"https:\/\/www.europesays.com\/fr\/wp-json\/wp\/v2\/comments?post=323390"}],"version-history":[{"count":0,"href":"https:\/\/www.europesays.com\/fr\/wp-json\/wp\/v2\/posts\/323390\/revisions"}],"wp:featuredmedia":[{"embeddable":true,"href":"https:\/\/www.europesays.com\/fr\/wp-json\/wp\/v2\/media\/323391"}],"wp:attachment":[{"href":"https:\/\/www.europesays.com\/fr\/wp-json\/wp\/v2\/media?parent=323390"}],"wp:term":[{"taxonomy":"category","embeddable":true,"href":"https:\/\/www.europesays.com\/fr\/wp-json\/wp\/v2\/categories?post=323390"},{"taxonomy":"post_tag","embeddable":true,"href":"https:\/\/www.europesays.com\/fr\/wp-json\/wp\/v2\/tags?post=323390"}],"curies":[{"name":"wp","href":"https:\/\/api.w.org\/{rel}","templated":true}]}}