{"id":323397,"date":"2025-08-16T18:34:10","date_gmt":"2025-08-16T18:34:10","guid":{"rendered":"https:\/\/www.europesays.com\/fr\/323397\/"},"modified":"2025-08-16T18:34:10","modified_gmt":"2025-08-16T18:34:10","slug":"vladimir-poutine-estime-que-le-sommet-avec-donald-trump-a-ete-opportun-et-tres-utile","status":"publish","type":"post","link":"https:\/\/www.europesays.com\/fr\/323397\/","title":{"rendered":"Vladimir Poutine estime que le sommet avec Donald Trump a \u00e9t\u00e9 \u00ab\u00a0opportun\u00a0\u00bb et \u00ab\u00a0tr\u00e8s utile\u00a0\u00bb"},"content":{"rendered":"<p>Vladimir Poutine a d\u00e9clar\u00e9, samedi 16 ao\u00fbt, avoir discut\u00e9 des moyens de mettre fin au conflit en Ukraine \u00ab\u00a0sur une base \u00e9quitable\u00a0\u00bb lors de sa rencontre en Alaska (Etats-Unis) avec son homologue am\u00e9ricain, Donald Trump. S&rsquo;adressant \u00e0 de hauts responsables \u00e0 Moscou <a href=\"https:\/\/www.franceinfo.fr\/monde\/europe\/manifestations-en-ukraine\/guerre-en-ukraine-decevant-ecoeurant-inutile-la-presse-internationale-critique-apres-la-rencontre-entre-donald-trump-et-vladimir-poutine-en-alaska_7438429.html\" rel=\"nofollow noopener\" target=\"_blank\">au lendemain des pourparlers \u00e0 Anchorage<\/a>, la plus grande ville de cet Etat am\u00e9ricain, le pr\u00e9sident russe a soulign\u00e9 que le sommet avec son homologue am\u00e9ricain \u00e9tait \u00ab\u00a0opportun\u00a0\u00bb et \u00ab\u00a0tr\u00e8s utile\u00a0\u00bb, selon des propos publi\u00e9s par le Kremlin. Suivez notre direct.<\/p>\n<p class=\"c-body__bullet\"> <strong>Donald Trump \u00e9voque la n\u00e9cessit\u00e9 de trouver \u00ab\u00a0directement un accord de paix\u00a0\u00bb.\u00a0<\/strong>C&rsquo;est \u00ab\u00a0le meilleur moyen d&rsquo;arr\u00eater cette guerre horrible entre la Russie et l&rsquo;Ukraine\u00a0\u00bb, estime-t-il sur sa plateforme Truth Social, ajoutant qu&rsquo;un \u00ab\u00a0simple cessez-le-feu (&#8230;) souvent ne tient pas\u00a0\u00bb. Il semble ainsi exclure le bien-fond\u00e9 d&rsquo;une tr\u00eave, alors que l&rsquo;arm\u00e9e russe est \u00e0 l&rsquo;offensive sur la ligne de front.<\/p>\n<p class=\"c-body__bullet\"> <strong>Une r\u00e9union entre plusieurs pays europ\u00e9ens, dont la France, pr\u00e9vue dimanche.<\/strong> Une r\u00e9union en visioconf\u00e9rence de la \u00ab\u00a0Coalition des volontaires\u00a0\u00bb, organis\u00e9e par Emmanuel Macron, le chancelier allemand, Friedrich Merz et le Premier ministre britannique, Keir Starmer, doit avoir lieu dimanche \u00e0 15 heures, a appris France T\u00e9l\u00e9visions aupr\u00e8s de l&rsquo;Elys\u00e9e. De son c\u00f4t\u00e9, Volodymyr Zelenksy doit rencontrer lundi Donald Trump \u00e0 Washington, lundi.<\/p>\n<p class=\"c-body__bullet\"><strong> Une conversation t\u00e9l\u00e9phonique entre Washington, Kiev et l&rsquo;UE.<\/strong> Le dirigeant ukrainien, Volodymyr Zelensky, dit s&rsquo;\u00eatre longuement entretenu par t\u00e9l\u00e9phone avec Donald Trump, apr\u00e8s <a href=\"https:\/\/www.franceinfo.fr\/monde\/usa\/presidentielle\/donald-trump\/ce-qu-il-faut-retenir-de-la-rencontre-entre-donald-trump-et-vladimir-poutine-sur-l-avenir-de-l-ukraine_7438135.html\" rel=\"nofollow noopener\" target=\"_blank\">la rencontre entre le pr\u00e9sident am\u00e9ricain et son homologue russe<\/a>, Vladimir Poutine. \u00ab\u00a0Nous avons commenc\u00e9 par un appel individuel\u00a0\u00bb pendant une heure, <a href=\"https:\/\/x.com\/ZelenskyyUa\/status\/1956618668210626884\" target=\"_blank\" rel=\"noopener nofollow\">a-t-il \u00e9crit sur la plateforme X<\/a>, \u00ab\u00a0avant d&rsquo;inviter les dirigeants europ\u00e9ens \u00e0 nous rejoindre\u00a0\u00bb durant une demi-heure. Le pr\u00e9sident ukrainien dit avoir discut\u00e9 des \u00ab\u00a0signaux positifs envoy\u00e9s par les Etats-Unis concernant une participation \u00e0 la garantie de s\u00e9curit\u00e9 de l&rsquo;Ukraine\u00a0\u00bb.<\/p>\n<p class=\"c-body__bullet\"><b> Les dirigeants de l&rsquo;UE apportent leur soutien \u00e0 un sommet trilat\u00e9ral. <\/b>\u00ab\u00a0Il appartiendra \u00e0 l&rsquo;Ukraine de prendre des d\u00e9cisions concernant son territoire\u00a0\u00bb, <a href=\"https:\/\/ec.europa.eu\/commission\/presscorner\/detail\/fr\/statement_25_1966\" target=\"_blank\" rel=\"noopener nofollow\">ont \u00e9crit<\/a> la pr\u00e9sidente de la Commission europ\u00e9enne, Ursula von der Leyen, le pr\u00e9sident <a href=\"https:\/\/www.franceinfo.fr\/monde\/europe\/manifestations-en-ukraine\/emmanuel-macron-appelle-a-la-vigilance-et-a-maintenir-la-pression-sur-moscou-apres-la-rencontre-entre-ses-homologue-americain-et-russe_7438342.html\" rel=\"nofollow noopener\" target=\"_blank\">Emmanuel Macron<\/a>, le chancelier allemand, Friedrich Merz, et d&rsquo;autres chefs d&rsquo;Etat et de gouvernement europ\u00e9ens. \u00ab\u00a0Les fronti\u00e8res internationales ne doivent pas \u00eatre modifi\u00e9es par la force\u00a0\u00bb, ajoutent-ils, jugeant que \u00ab\u00a0la Russie ne peut opposer son veto \u00e0 l&rsquo;adh\u00e9sion de l&rsquo;Ukraine \u00e0 l&rsquo;UE et \u00e0 l&rsquo;Otan\u00a0\u00bb.<\/p>\n<p class=\"c-body__bullet\"><strong> De nouvelles attaques a\u00e9riennes nocturnes sur l&rsquo;Ukraine. <\/strong>L&rsquo;arm\u00e9e russe a lanc\u00e9 85 drones et un missile sur l&rsquo;Ukraine pendant la nuit de vendredi \u00e0 samedi, a affirm\u00e9 Kiev, au moment. Ces attaques a\u00e9riennes sont quotidiennes. Les forces arm\u00e9es ukrainiennes disent avoir abattu 61 de ces engins lanc\u00e9s sur les r\u00e9gions de Soumy, Donetsk, Tchernihiv et Dnipropetrovsk.<\/p>\n","protected":false},"excerpt":{"rendered":"Vladimir Poutine a d\u00e9clar\u00e9, samedi 16 ao\u00fbt, avoir discut\u00e9 des moyens de mettre fin au conflit en Ukraine&hellip;\n","protected":false},"author":2,"featured_media":323398,"comment_status":"","ping_status":"","sticky":false,"template":"","format":"standard","meta":{"footnotes":""},"categories":[1591],"tags":[11,1887,12,1885,1886,132],"class_list":{"0":"post-323397","1":"post","2":"type-post","3":"status-publish","4":"format-standard","5":"has-post-thumbnail","7":"category-russie","8":"tag-actualites","9":"tag-federation-de-russie","10":"tag-news","11":"tag-russia","12":"tag-russian-federation","13":"tag-russie"},"share_on_mastodon":{"url":"https:\/\/pubeurope.com\/@fr\/115039886579390991","error":""},"_links":{"self":[{"href":"https:\/\/www.europesays.com\/fr\/wp-json\/wp\/v2\/posts\/323397","targetHints":{"allow":["GET"]}}],"collection":[{"href":"https:\/\/www.europesays.com\/fr\/wp-json\/wp\/v2\/posts"}],"about":[{"href":"https:\/\/www.europesays.com\/fr\/wp-json\/wp\/v2\/types\/post"}],"author":[{"embeddable":true,"href":"https:\/\/www.europesays.com\/fr\/wp-json\/wp\/v2\/users\/2"}],"replies":[{"embeddable":true,"href":"https:\/\/www.europesays.com\/fr\/wp-json\/wp\/v2\/comments?post=323397"}],"version-history":[{"count":0,"href":"https:\/\/www.europesays.com\/fr\/wp-json\/wp\/v2\/posts\/323397\/revisions"}],"wp:featuredmedia":[{"embeddable":true,"href":"https:\/\/www.europesays.com\/fr\/wp-json\/wp\/v2\/media\/323398"}],"wp:attachment":[{"href":"https:\/\/www.europesays.com\/fr\/wp-json\/wp\/v2\/media?parent=323397"}],"wp:term":[{"taxonomy":"category","embeddable":true,"href":"https:\/\/www.europesays.com\/fr\/wp-json\/wp\/v2\/categories?post=323397"},{"taxonomy":"post_tag","embeddable":true,"href":"https:\/\/www.europesays.com\/fr\/wp-json\/wp\/v2\/tags?post=323397"}],"curies":[{"name":"wp","href":"https:\/\/api.w.org\/{rel}","templated":true}]}}