{"id":323401,"date":"2025-08-16T18:36:11","date_gmt":"2025-08-16T18:36:11","guid":{"rendered":"https:\/\/www.europesays.com\/fr\/323401\/"},"modified":"2025-08-16T18:36:11","modified_gmt":"2025-08-16T18:36:11","slug":"la-virginie-occidentale-envoie-des-membres-de-la-garde-nationale-a-washington-dc","status":"publish","type":"post","link":"https:\/\/www.europesays.com\/fr\/323401\/","title":{"rendered":"La Virginie-Occidentale envoie des membres de la Garde nationale \u00e0 Washington DC"},"content":{"rendered":"<p>(Reuters) &#8211;     Le gouverneur de l&rsquo;Etat am\u00e9ricain de Virginie-Occidentale, Patrick Morrisey, va d\u00e9ployer 300 \u00e0 400 soldats de la Garde nationale dans la capitale Washington \u00e0 la demande de l&rsquo;administration de Donald Trump, a indiqu\u00e9 le bureau du gouverneur dans un communiqu\u00e9 samedi.<\/p>\n<p>\n              Ce d\u00e9ploiement est \u00ab\u00a0une preuve d&rsquo;engagement en faveur de la s\u00e9curit\u00e9 publique et de la coop\u00e9ration r\u00e9gionale\u00a0\u00bb et comprendra la fourniture d&rsquo;\u00e9quipements et de formations sp\u00e9cialis\u00e9es aux c\u00f4t\u00e9s des \u00ab\u00a0quelque 300 \u00e0 400 personnes qualifi\u00e9es selon les instructions\u00a0\u00bb, peut-on lire dans le communiqu\u00e9.<\/p>\n<p>\n              Drew Galang, porte-parole du gouverneur de Virginie-Occidentale, a d\u00e9clar\u00e9 que la Garde nationale de l&rsquo;\u00c9tat avait re\u00e7u l&rsquo;ordre d&rsquo;envoyer du mat\u00e9riel et du personnel \u00e0 Washington vendredi en fin de journ\u00e9e et qu&rsquo;elle travaillait \u00e0 l&rsquo;organisation du d\u00e9ploiement.<\/p>\n<p>\n              Le pr\u00e9sident am\u00e9ricain Donald Trump a annonc\u00e9 lundi avoir plac\u00e9 sous contr\u00f4le f\u00e9d\u00e9ral la police de Washington DC et ordonn\u00e9 le d\u00e9ploiement de 800 membres de la Garde nationale dans la capitale des Etats-Unis, pour faire face selon lui \u00e0 une flamb\u00e9e de criminalit\u00e9.<\/p>\n<p>\n              Un responsable de la Maison blanche a d\u00e9clar\u00e9 samedi que des troupes suppl\u00e9mentaires de la Garde nationale seraient appel\u00e9es \u00e0 Washington pour \u00ab\u00a0prot\u00e9ger les biens f\u00e9d\u00e9raux, cr\u00e9er un environnement s\u00fbr pour que les forces de l&rsquo;ordre puissent exercer leurs fonctions en cas de besoin, et assurer une pr\u00e9sence visible pour dissuader la criminalit\u00e9\u00a0\u00bb.<\/p>\n<p>\n              Selon les donn\u00e9es du minist\u00e8re am\u00e9ricain de la Justice, les crimes violents ont atteint en 2024 leur niveau le plus bas depuis 30 ans \u00e0 Washington, qui est techniquement un district f\u00e9d\u00e9ral autonome plac\u00e9 sous la juridiction du Congr\u00e8s des \u00c9tats-Unis.<\/p>\n<p> (R\u00e9dig\u00e9 par AJ Vicens \u00e0 D\u00e9troit ; version fran\u00e7aise Kate Entringer)<\/p>\n<p>\n            par AJ Vicens<\/p>\n","protected":false},"excerpt":{"rendered":"(Reuters) &#8211; Le gouverneur de l&rsquo;Etat am\u00e9ricain de Virginie-Occidentale, Patrick Morrisey, va d\u00e9ployer 300 \u00e0 400 soldats de&hellip;\n","protected":false},"author":2,"featured_media":323402,"comment_status":"","ping_status":"","sticky":false,"template":"","format":"standard","meta":{"footnotes":""},"categories":[1589],"tags":[11,340,73,1866,12,1864,1865,1863,308],"class_list":{"0":"post-323401","1":"post","2":"type-post","3":"status-publish","4":"format-standard","5":"has-post-thumbnail","7":"category-etats-unis","8":"tag-actualites","9":"tag-bourse","10":"tag-etats-unis","11":"tag-etats-unis-damerique","12":"tag-news","13":"tag-united-states","14":"tag-united-states-of-america","15":"tag-us","16":"tag-usa"},"share_on_mastodon":{"url":"https:\/\/pubeurope.com\/@fr\/115039894882099891","error":""},"_links":{"self":[{"href":"https:\/\/www.europesays.com\/fr\/wp-json\/wp\/v2\/posts\/323401","targetHints":{"allow":["GET"]}}],"collection":[{"href":"https:\/\/www.europesays.com\/fr\/wp-json\/wp\/v2\/posts"}],"about":[{"href":"https:\/\/www.europesays.com\/fr\/wp-json\/wp\/v2\/types\/post"}],"author":[{"embeddable":true,"href":"https:\/\/www.europesays.com\/fr\/wp-json\/wp\/v2\/users\/2"}],"replies":[{"embeddable":true,"href":"https:\/\/www.europesays.com\/fr\/wp-json\/wp\/v2\/comments?post=323401"}],"version-history":[{"count":0,"href":"https:\/\/www.europesays.com\/fr\/wp-json\/wp\/v2\/posts\/323401\/revisions"}],"wp:featuredmedia":[{"embeddable":true,"href":"https:\/\/www.europesays.com\/fr\/wp-json\/wp\/v2\/media\/323402"}],"wp:attachment":[{"href":"https:\/\/www.europesays.com\/fr\/wp-json\/wp\/v2\/media?parent=323401"}],"wp:term":[{"taxonomy":"category","embeddable":true,"href":"https:\/\/www.europesays.com\/fr\/wp-json\/wp\/v2\/categories?post=323401"},{"taxonomy":"post_tag","embeddable":true,"href":"https:\/\/www.europesays.com\/fr\/wp-json\/wp\/v2\/tags?post=323401"}],"curies":[{"name":"wp","href":"https:\/\/api.w.org\/{rel}","templated":true}]}}