{"id":323405,"date":"2025-08-16T18:38:28","date_gmt":"2025-08-16T18:38:28","guid":{"rendered":"https:\/\/www.europesays.com\/fr\/323405\/"},"modified":"2025-08-16T18:38:28","modified_gmt":"2025-08-16T18:38:28","slug":"les-investisseurs-francais-sous-le-charme-des-entreprises-allemandes","status":"publish","type":"post","link":"https:\/\/www.europesays.com\/fr\/323405\/","title":{"rendered":"Les investisseurs fran\u00e7ais sous le charme des entreprises allemandes"},"content":{"rendered":"<p>Les entreprises fran\u00e7aises aiment l&rsquo;Allemagne, m\u00eame en temps de crise. Telle est l&rsquo;une des conclusions de l&rsquo;\u00e9tude \u00ab Evolution du march\u00e9 franco-allemand des fusions-acquisitions en 2024 \u00bb\u00a0publi\u00e9e annuellement par PWC, et publi\u00e9e en exclusivit\u00e9 par La Tribune.<\/p>\n<p>Au total, l&rsquo;an dernier, les entreprises fran\u00e7aises ont achet\u00e9 127 entreprises allemandes, un niveau toujours soutenu apr\u00e8s les 134 soci\u00e9t\u00e9s allemandes pass\u00e9es sous pavillon tricolore en 2023, selon la base de donn\u00e9es Zephir, qui r\u00e9cence pr\u00e8s de 70 % des deals fran\u00e7ais et 60 % des deals allemands. \u00ab Les Fran\u00e7ais recherchent des relais de croissance plus \u00e0 l&rsquo;est, et veulent donc b\u00e9n\u00e9ficier des avantages de l&rsquo;\u00e9cosyst\u00e8me entrepreneurial allemand \u00bb, analyse Olivier Lorang, directeur des deals et patron du German Business Group Transaction Services de PwC.<\/p>\n","protected":false},"excerpt":{"rendered":"Les entreprises fran\u00e7aises aiment l&rsquo;Allemagne, m\u00eame en temps de crise. Telle est l&rsquo;une des conclusions de l&rsquo;\u00e9tude \u00ab&hellip;\n","protected":false},"author":2,"featured_media":323406,"comment_status":"","ping_status":"","sticky":false,"template":"","format":"standard","meta":{"footnotes":""},"categories":[1587],"tags":[17,11,672,1804,46076,1805,154,1803,313,645,1777,674,3844,1801,2805,151,12,1802,3107],"class_list":{"0":"post-323405","1":"post","2":"type-post","3":"status-publish","4":"format-standard","5":"has-post-thumbnail","7":"category-allemagne","8":"tag-17","9":"tag-actualites","10":"tag-allemagne","11":"tag-bundesrepublik-deutschland","12":"tag-charme","13":"tag-de","14":"tag-des","15":"tag-deutschland","16":"tag-entreprises","17":"tag-entreprises-finance","18":"tag-eu","19":"tag-europe","20":"tag-francais","21":"tag-germany","22":"tag-investisseurs","23":"tag-les","24":"tag-news","25":"tag-republique-federale-dallemagne","26":"tag-sous"},"share_on_mastodon":{"url":"https:\/\/pubeurope.com\/@fr\/115039902339325492","error":""},"_links":{"self":[{"href":"https:\/\/www.europesays.com\/fr\/wp-json\/wp\/v2\/posts\/323405","targetHints":{"allow":["GET"]}}],"collection":[{"href":"https:\/\/www.europesays.com\/fr\/wp-json\/wp\/v2\/posts"}],"about":[{"href":"https:\/\/www.europesays.com\/fr\/wp-json\/wp\/v2\/types\/post"}],"author":[{"embeddable":true,"href":"https:\/\/www.europesays.com\/fr\/wp-json\/wp\/v2\/users\/2"}],"replies":[{"embeddable":true,"href":"https:\/\/www.europesays.com\/fr\/wp-json\/wp\/v2\/comments?post=323405"}],"version-history":[{"count":0,"href":"https:\/\/www.europesays.com\/fr\/wp-json\/wp\/v2\/posts\/323405\/revisions"}],"wp:featuredmedia":[{"embeddable":true,"href":"https:\/\/www.europesays.com\/fr\/wp-json\/wp\/v2\/media\/323406"}],"wp:attachment":[{"href":"https:\/\/www.europesays.com\/fr\/wp-json\/wp\/v2\/media?parent=323405"}],"wp:term":[{"taxonomy":"category","embeddable":true,"href":"https:\/\/www.europesays.com\/fr\/wp-json\/wp\/v2\/categories?post=323405"},{"taxonomy":"post_tag","embeddable":true,"href":"https:\/\/www.europesays.com\/fr\/wp-json\/wp\/v2\/tags?post=323405"}],"curies":[{"name":"wp","href":"https:\/\/api.w.org\/{rel}","templated":true}]}}