{"id":323416,"date":"2025-08-16T18:44:15","date_gmt":"2025-08-16T18:44:15","guid":{"rendered":"https:\/\/www.europesays.com\/fr\/323416\/"},"modified":"2025-08-16T18:44:15","modified_gmt":"2025-08-16T18:44:15","slug":"un-ancien-vainqueur-de-the-open-pointe-du-doigt-les-caddies-en-partie-responsable-du-jeu-lent-selon-lui","status":"publish","type":"post","link":"https:\/\/www.europesays.com\/fr\/323416\/","title":{"rendered":"Un ancien vainqueur de The Open pointe du doigt les caddies, en partie responsable du jeu lent selon lui"},"content":{"rendered":"<p>\t\t\t\t\t\t<img width=\"770\" height=\"556\" src=\"https:\/\/www.europesays.com\/fr\/wp-content\/uploads\/2025\/08\/ian-baker-finch-heu-lent-caddie-770x556.jpg\" class=\"img-responsive wp-post-image\" alt=\"Ian Baker Finch Photo by SCOTT HALLERAN \/ Getty Images South America \/ Getty Images via AFP\" decoding=\"async\" fetchpriority=\"high\"  \/>\t\t\t\t\t<\/p>\n<p>\t\t\t\t\t\t Partager cet article <\/p>\n<p class=\"screen-reader-text juiz_sps_maybe_hidden_text\">Partager la publication \u00ab\u00a0Un ancien vainqueur de The Open pointe du doigt les caddies, en partie responsable du jeu lent selon lui\u00a0\u00bb<\/p>\n<p><strong>Ancien joueur, vainqueur de The Open au d\u00e9but des ann\u00e9es 1990, puis consultant pour la t\u00e9l\u00e9, l\u2019Australien Ian Baker-Finch a \u00e9t\u00e9 invit\u00e9 \u00e0 s\u2019exprimer sur le sujet sensible du jeu lent. Et le moins que l\u2019on puisse dire, c\u2019est qu\u2019il en avait gros sur le c\u0153ur.<\/strong><\/p>\n<p>\t\t\t\t\t<a id=\"179385\" href=\"https:\/\/tickets.europeantour.com\/eut\/#\/c6906933-bb43-434b-a22d-0ae172a572d4\/shop\/custom-pack?fac=EUT&amp;locale=fr&amp;skin=pgaetodf&amp;utm_campaign=ODF&amp;utm_content=Ticketing&amp;utm_medium=Web&amp;utm_source=Partner&amp;utm_term=PavonGolfPlanete\" target=\"_blank\" rel=\"sponsorised nofollow noopener\"><img decoding=\"async\" src=\"data:image\/svg+xml,%3Csvg%20xmlns=\" http:=\"\" class=\"img-responsive\" alt=\"\" data-lazy-src=\"https:\/\/www.europesays.com\/fr\/wp-content\/uploads\/2025\/07\/opendefrance-e03-plateau-1407-1170x275-1.jpg\"\/><\/a><\/p>\n<p>Lors d\u2019une r\u00e9cente apparition dans <a href=\"https:\/\/www.youtube.com\/watch?v=JMJf8ku3Q4c\" target=\"_blank\" rel=\"noopener nofollow\">le Smylie Show<\/a> anim\u00e9 par le joueur du <strong>PGA Tour<\/strong> <strong>Smylie Kaufman<\/strong>, le vainqueur de la <strong>Claret Jug<\/strong> en 1991 au <strong>Royal Birkdale<\/strong>, <strong>Ian Baker-Finch<\/strong>, a affirm\u00e9 que le rythme de jeu de 5h30 \u00e9tait d\u00e9sormais consid\u00e9r\u00e9 comme la norme et donc acceptable. Il s\u2019en est pris notamment au caddie qui, selon lui, abreuvent les joueurs avec trop d\u2019informations.<\/p>\n<p>\u00ab C\u2019est tellement aga\u00e7ant pour moi \u00e0 la t\u00e9l\u00e9vision, a d\u00e9clar\u00e9 l\u2019Australien. Je regarde \u00e7a depuis 30 ans et c\u2019est de pire en pire. Comment peut-on frapper un coup en 40 secondes si le caddie parle pendant deux minutes et demie ? \u00bb<\/p>\n<p>Baker-Finch, 64 ans, a pris sa retraite de consultant t\u00e9l\u00e9 lors du <strong>Wyndham Championship<\/strong> le mois dernier, mais a pass\u00e9 les trois derni\u00e8res d\u00e9cennies en cabine commentateur, ce qui lui a donn\u00e9 le temps d\u2019analyser pr\u00e9cis\u00e9ment ce qu\u2019il se passait.\u00a0<\/p>\n<blockquote><p>\nQuand ils arrivent sur un par 3 et qu\u2019ils discutent deux minutes sur un trou qu\u2019ils ont jou\u00e9 ces trois derniers jours. Ce n\u2019est pas normal.\n<\/p><\/blockquote>\n<p>Une autre \u00e9poque ou un probl\u00e8me de laxisme ?<\/p>\n<p>Quand il compare la mani\u00e8re dont les joueurs pr\u00e9parent le tournoi en amont et leur routine pour jouer les coups \u00e0 ce qu\u2019il se faisait \u00e0 son \u00e9poque, il estime que ce n\u2019est pas normal.<\/p>\n<p>\u00ab On allait sur un parcours, on notait une chose sur chaque trou \u2013 par exemple un rep\u00e8re que l\u2019on mesurait \u00e0 152 yards, a-t-il expliqu\u00e9. C\u2019\u00e9tait notre carnet de parcours. <strong>Jack Nicklaus<\/strong> a \u00e9t\u00e9 le premier \u00e0 prendre des notes plus d\u00e9taill\u00e9es. Tous les autres se contentaient de se fier \u00e0 leur intuition : \u00ab J\u2019ai frapp\u00e9 un fer 7 hier, on dirait 155, peu importe. \u00bb<\/p>\n<p>\u00ab Aujourd\u2019hui, il leur faut des d\u00e9cimales\u00a0 ! s\u2019emporte Baker-Finch.\u00ab Tais toi, c\u2019est \u00e0 110 yards. C\u2019est un gap wedge. N\u2019appuie pas trop, c\u2019est en descente.\u00bb \u00bb\u00a0<\/p>\n<p>Baker-Finch poursuit : \u00ab Quand ils arrivent sur un par 3 et qu\u2019ils discutent deux minutes sur un trou qu\u2019ils ont jou\u00e9 ces trois derniers jours. Ce n\u2019est pas normal. Tu sais que c\u2019est un fer 5 si tu joues le fond du green, un fer 6 pour l\u2019avant. Choisis un club et \u00e9carte toi, c\u2019est \u00e0 moi de jouer. \u00bb<\/p>\n<p>Le fl\u00e9au du jeu lent a de nouveau fait surface lors de <strong>The Open<\/strong> de cet \u00e9t\u00e9 au <strong>Royal Portrush<\/strong> <a href=\"https:\/\/www.golfplanete.com\/actualites\/5h54-lincroyable-duree-de-la-partie-de-mcilroy-a-portrush-et-des-autres\/\" rel=\"nofollow noopener\" target=\"_blank\">notamment lors du premier tour boucl\u00e9 en pr\u00e8s de 6h !<\/a><\/p>\n<p>\t\t\t\t\t<a id=\"181972\" href=\"https:\/\/www.azurgolftravel.com\/proamdepalsoct25\" target=\"_blank\" rel=\"sponsorised nofollow noopener\"><img decoding=\"async\" src=\"data:image\/svg+xml,%3Csvg%20xmlns=\" http:=\"\" class=\"img-responsive\" alt=\"\" data-lazy-src=\"https:\/\/www.europesays.com\/fr\/wp-content\/uploads\/2025\/08\/azurgolftravel-e01-proam-catalogne-1170x275-1.jpeg\"\/><\/a><\/p>\n<p>Photo : SCOTT HALLERAN \/ Getty Images South America \/ Getty Images via AFP<\/p>\n","protected":false},"excerpt":{"rendered":"Partager cet article Partager la publication \u00ab\u00a0Un ancien vainqueur de The Open pointe du doigt les caddies, en&hellip;\n","protected":false},"author":2,"featured_media":323417,"comment_status":"","ping_status":"","sticky":false,"template":"","format":"standard","meta":{"footnotes":""},"categories":[1418],"tags":[1011,27,1472,60],"class_list":{"0":"post-323416","1":"post","2":"type-post","3":"status-publish","4":"format-standard","5":"has-post-thumbnail","7":"category-golf","8":"tag-fr","9":"tag-france","10":"tag-golf","11":"tag-sports"},"share_on_mastodon":{"url":"https:\/\/pubeurope.com\/@fr\/115039925966541007","error":""},"_links":{"self":[{"href":"https:\/\/www.europesays.com\/fr\/wp-json\/wp\/v2\/posts\/323416","targetHints":{"allow":["GET"]}}],"collection":[{"href":"https:\/\/www.europesays.com\/fr\/wp-json\/wp\/v2\/posts"}],"about":[{"href":"https:\/\/www.europesays.com\/fr\/wp-json\/wp\/v2\/types\/post"}],"author":[{"embeddable":true,"href":"https:\/\/www.europesays.com\/fr\/wp-json\/wp\/v2\/users\/2"}],"replies":[{"embeddable":true,"href":"https:\/\/www.europesays.com\/fr\/wp-json\/wp\/v2\/comments?post=323416"}],"version-history":[{"count":0,"href":"https:\/\/www.europesays.com\/fr\/wp-json\/wp\/v2\/posts\/323416\/revisions"}],"wp:featuredmedia":[{"embeddable":true,"href":"https:\/\/www.europesays.com\/fr\/wp-json\/wp\/v2\/media\/323417"}],"wp:attachment":[{"href":"https:\/\/www.europesays.com\/fr\/wp-json\/wp\/v2\/media?parent=323416"}],"wp:term":[{"taxonomy":"category","embeddable":true,"href":"https:\/\/www.europesays.com\/fr\/wp-json\/wp\/v2\/categories?post=323416"},{"taxonomy":"post_tag","embeddable":true,"href":"https:\/\/www.europesays.com\/fr\/wp-json\/wp\/v2\/tags?post=323416"}],"curies":[{"name":"wp","href":"https:\/\/api.w.org\/{rel}","templated":true}]}}