{"id":323420,"date":"2025-08-16T18:47:10","date_gmt":"2025-08-16T18:47:10","guid":{"rendered":"https:\/\/www.europesays.com\/fr\/323420\/"},"modified":"2025-08-16T18:47:10","modified_gmt":"2025-08-16T18:47:10","slug":"us-open-sh-lajovic-au-sujet-de-djokovic-les-autres-joueurs-ont-cette-impression-face-a-lui-desormais","status":"publish","type":"post","link":"https:\/\/www.europesays.com\/fr\/323420\/","title":{"rendered":"US Open &#8211; SH > Lajovic, au sujet de Djokovic : \u00ab\u00a0Les autres joueurs ont cette impression face \u00e0\u00a0lui\u00a0d\u00e9sormais\u00a0\u00bb"},"content":{"rendered":"<p>Novak Djokovic, malgr\u00e9 son \u00e2ge, continue d\u2019impressionner ses adversaires.<\/p>\n<p>Dusan Lajovic, son compa\u00adtriote, est bien plac\u00e9 pour le savoir puisqu\u2019il conna\u00eet tr\u00e8s bien\u00a0Novak.<\/p>\n<p>Dans des propos relay\u00e9s par <a href=\"https:\/\/sportklub.n1info.rs\/tenis\/us-open\/zasto-novak-ne-igra-pred-uso-njemu-su-prva-kola-slema-priprema\/\" data-wpel-link=\"external\" target=\"_blank\" rel=\"nofollow external noopener\">Sportklub<\/a>, Lajovic est revenu sur les forces de Nole en vue de sa pr\u00e9pa\u00adra\u00adtion en marge de l\u2019US\u00a0Open\u00a0:<\/p>\n<p><strong>\u00ab\u202fLes joueurs voient plus d\u2019oc\u00adca\u00adsions contre lui, ils ont l\u2019im\u00adpres\u00adsion qu\u2019il n\u2019est plus aussi domi\u00adnant qu\u2019a\u00advant. D\u2019un autre c\u00f4t\u00e9, Novak privi\u00adl\u00e9gie son physique et sa pr\u00e9pa\u00adra\u00adtion physique plut\u00f4t que de sentir la balle lors des premiers matchs ou de montrer \u00e0 ses adver\u00adsaires qu\u2019il est toujours au niveau o\u00f9 il est. Cependant, ce n\u2019est pas facile de rentrer sur le terrain apr\u00e8s un mois ou un mois et demi d\u2019inac\u00adti\u00advit\u00e9, mais dans ce cas, il est plus impor\u00adtant pour Novak d\u2019\u00eatre pr\u00eat physi\u00adque\u00adment pour la fin du tournoi, pas\u00a0pour\u00a0le\u00a0d\u00e9but.\u202f\u00bb<\/strong><\/p>\n<p>Des propos qui en disent long sur l\u2019approche de Novak, lui qui avait d\u00e9cid\u00e9 de se retirer du Masters 1000 de Cincinnati.<\/p>\n<p>Avec un \u00e2ge plus avanc\u00e9 que celui de ses prin\u00adci\u00adpaux concur\u00adrents, la l\u00e9gende doit d\u00e9sor\u00admais prendre soin de son corps et g\u00e9rer ses pr\u00e9pa\u00adra\u00adtions avec attention.<\/p>\n<p>On aura l\u2019occasion de le retrouver \u00e0 l\u2019US Open, o\u00f9 il conserve mine de rien un statut de favori, derri\u00e8re Sinner et Alcaraz.<\/p>\n<p class=\"post-published-date\" style=\"color: silver; font-size: 75%; text-align: left;\">Publi\u00e9 le samedi 16 ao\u00fbt 2025 \u00e0 19:28<\/p>\n","protected":false},"excerpt":{"rendered":"Novak Djokovic, malgr\u00e9 son \u00e2ge, continue d\u2019impressionner ses adversaires. Dusan Lajovic, son compa\u00adtriote, est bien plac\u00e9 pour le&hellip;\n","protected":false},"author":2,"featured_media":240270,"comment_status":"","ping_status":"","sticky":false,"template":"","format":"standard","meta":{"footnotes":""},"categories":[1415],"tags":[1744,105,1011,27,2127,60,1467],"class_list":{"0":"post-323420","1":"post","2":"type-post","3":"status-publish","4":"format-standard","5":"has-post-thumbnail","7":"category-tennis","8":"tag-alcaraz","9":"tag-djokovic","10":"tag-fr","11":"tag-france","12":"tag-sinner","13":"tag-sports","14":"tag-tennis"},"share_on_mastodon":{"url":"https:\/\/pubeurope.com\/@fr\/115039937671680501","error":""},"_links":{"self":[{"href":"https:\/\/www.europesays.com\/fr\/wp-json\/wp\/v2\/posts\/323420","targetHints":{"allow":["GET"]}}],"collection":[{"href":"https:\/\/www.europesays.com\/fr\/wp-json\/wp\/v2\/posts"}],"about":[{"href":"https:\/\/www.europesays.com\/fr\/wp-json\/wp\/v2\/types\/post"}],"author":[{"embeddable":true,"href":"https:\/\/www.europesays.com\/fr\/wp-json\/wp\/v2\/users\/2"}],"replies":[{"embeddable":true,"href":"https:\/\/www.europesays.com\/fr\/wp-json\/wp\/v2\/comments?post=323420"}],"version-history":[{"count":0,"href":"https:\/\/www.europesays.com\/fr\/wp-json\/wp\/v2\/posts\/323420\/revisions"}],"wp:featuredmedia":[{"embeddable":true,"href":"https:\/\/www.europesays.com\/fr\/wp-json\/wp\/v2\/media\/240270"}],"wp:attachment":[{"href":"https:\/\/www.europesays.com\/fr\/wp-json\/wp\/v2\/media?parent=323420"}],"wp:term":[{"taxonomy":"category","embeddable":true,"href":"https:\/\/www.europesays.com\/fr\/wp-json\/wp\/v2\/categories?post=323420"},{"taxonomy":"post_tag","embeddable":true,"href":"https:\/\/www.europesays.com\/fr\/wp-json\/wp\/v2\/tags?post=323420"}],"curies":[{"name":"wp","href":"https:\/\/api.w.org\/{rel}","templated":true}]}}