{"id":323425,"date":"2025-08-16T18:51:10","date_gmt":"2025-08-16T18:51:10","guid":{"rendered":"https:\/\/www.europesays.com\/fr\/323425\/"},"modified":"2025-08-16T18:51:10","modified_gmt":"2025-08-16T18:51:10","slug":"cyclisme-tour-du-portugal-nicolas-tivani-double-la-mise-alexis-guerin-se-rapproche","status":"publish","type":"post","link":"https:\/\/www.europesays.com\/fr\/323425\/","title":{"rendered":"Cyclisme. Tour du Portugal &#8211; Nicolas Tivani double la mise, Alexis Gu\u00e9rin se rapproche&#8230;"},"content":{"rendered":"<p>Pass\u00e9 tout pr\u00e8s de doubler la mise la veille,\u00a0<strong><a href=\"https:\/\/www.cyclismactu.net\/..\/news-tour-du-portugal-route-german-nicolas-tivani-a-remporte-1ere-etape-89502.html\" target=\"_blank\" rel=\"nofollow noopener\">Nicolas Tivani<\/a><\/strong> (Aviludo &#8211; Louletano) n&rsquo;a cette fois-ci pas loup\u00e9 le coche ce samedi et a remport\u00e9 la 9e \u00e9tape, sa 2e victoire sur ce <strong><a href=\"https:\/\/www.cyclismactu.net\/..\/news-tour-du-portugal-route-rotem-tene-a-remporte-8e-etape-sa-premiere-victoire-pro-89616.html\" target=\"_blank\" rel=\"nofollow noopener\">Tour de Portugal<\/a> 2025<\/strong>\u00a0une semaine apr\u00e8s la 1\u00e8re \u00e9tape. Membre de l&rsquo;\u00e9chapp\u00e9e qui est all\u00e9e au bout, l&rsquo;Argentin de 29 ans s&rsquo;est montr\u00e9 le plus fort de ses compagnons de fuite\u00a0au sommet de la mont\u00e9e de Montejusto, un col court mais pentu (5 kilom\u00e8tres \u00e0 8,3% de moyenne). Il a devanc\u00e9 sur la ligne l&rsquo;ancien leader de la course\u00a0<strong>Pau Marti<\/strong> (Israel Premier Tech Academy) de 14 secondes et son co\u00e9quipier et compatriote\u00a0<strong>Tomas Contte<\/strong> (Aviludo &#8211; Louletano) de 47 secondes. Derri\u00e8re, la bataille pour le g\u00e9n\u00e9ral a fait rage mais n&rsquo;a pas fait de gros \u00e9carts.\u00a0<strong>Alexis Gu\u00e9rin<\/strong> (Anicolor &#8211; Tien21) a \u00e9t\u00e9 le plus costauds des favoris en prenant la 4e place \u00e0 1&rsquo;37\u00a0\u00bb.<\/p>\n<p>Vid\u00e9o &#8211; Alexis Gu\u00e9rin a grappill\u00e9 du temps sur cette 9e \u00e9tape Lire la suite de l&rsquo;article&#13;<br \/>\n&#13;<br \/>\nAlexis Gu\u00e9rin \u00e0 39&Prime; de son co\u00e9quipier avant le chrono final&#13;<\/p>\n<p>Le reste des leaders est arriv\u00e9 quelques secondes plus tard avec des petites cassures sur la ligne. Le maillot Jaune\u00a0<strong>Artem Nych<\/strong> (Anicolor &#8211; Tien21) a seulement pris la 11e place, dix secondes apr\u00e8s son co\u00e9quipier fran\u00e7ais, ce dernier renfor\u00e7ant ainsi sa place de dauphin et se rapprochant m\u00eame un peu du Russe. Au g\u00e9n\u00e9ral, <strong>Gu\u00e9rin<\/strong> n&rsquo;est plus point\u00e9 qu&rsquo;\u00e0 39 secondes de <strong>Nych<\/strong>, les deux co\u00e9quipeirs pourront donc se livrer une belle lutte pour la victoire finale dimanche dans les rues de Lisbonne, avec un ultime contre-la-montre tout plat de\u00a016.7 km en guise de 10e et derni\u00e8re \u00e9tape. Le doubl\u00e9 semble en tout cas assur\u00e9 pour la formation <strong>Anicolor &#8211; Tien21<\/strong>,\u00a0<strong>Jesus David Pe\u00f1a<\/strong> (AP Hotels &amp; Resorts &#8211; Tavira &#8211; SC Farense, 3e \u00e0 1&rsquo;17\u00a0\u00bb) et\u00a0<strong>Byron Munton<\/strong> (Feirense &#8211; Beeceler, 4e \u00e0 1&rsquo;18\u00a0\u00bb) semblant d\u00e9sormais trop loin pour contester les deux premi\u00e8res places.<\/p>\n","protected":false},"excerpt":{"rendered":"Pass\u00e9 tout pr\u00e8s de doubler la mise la veille,\u00a0Nicolas Tivani (Aviludo &#8211; Louletano) n&rsquo;a cette fois-ci pas loup\u00e9&hellip;\n","protected":false},"author":2,"featured_media":323426,"comment_status":"","ping_status":"","sticky":false,"template":"","format":"standard","meta":{"footnotes":""},"categories":[1411],"tags":[1154,207,211,1011,27,209,60,210,44247,212,208,213],"class_list":{"0":"post-323425","1":"post","2":"type-post","3":"status-publish","4":"format-standard","5":"has-post-thumbnail","7":"category-cyclisme","8":"tag-cycling","9":"tag-cyclisme","10":"tag-ffc","11":"tag-fr","12":"tag-france","13":"tag-route","14":"tag-sports","15":"tag-tour-de-france","16":"tag-tour-du-portugal","17":"tag-uci","18":"tag-velo","19":"tag-world-tour"},"share_on_mastodon":{"url":"https:\/\/pubeurope.com\/@fr\/115039953514934009","error":""},"_links":{"self":[{"href":"https:\/\/www.europesays.com\/fr\/wp-json\/wp\/v2\/posts\/323425","targetHints":{"allow":["GET"]}}],"collection":[{"href":"https:\/\/www.europesays.com\/fr\/wp-json\/wp\/v2\/posts"}],"about":[{"href":"https:\/\/www.europesays.com\/fr\/wp-json\/wp\/v2\/types\/post"}],"author":[{"embeddable":true,"href":"https:\/\/www.europesays.com\/fr\/wp-json\/wp\/v2\/users\/2"}],"replies":[{"embeddable":true,"href":"https:\/\/www.europesays.com\/fr\/wp-json\/wp\/v2\/comments?post=323425"}],"version-history":[{"count":0,"href":"https:\/\/www.europesays.com\/fr\/wp-json\/wp\/v2\/posts\/323425\/revisions"}],"wp:featuredmedia":[{"embeddable":true,"href":"https:\/\/www.europesays.com\/fr\/wp-json\/wp\/v2\/media\/323426"}],"wp:attachment":[{"href":"https:\/\/www.europesays.com\/fr\/wp-json\/wp\/v2\/media?parent=323425"}],"wp:term":[{"taxonomy":"category","embeddable":true,"href":"https:\/\/www.europesays.com\/fr\/wp-json\/wp\/v2\/categories?post=323425"},{"taxonomy":"post_tag","embeddable":true,"href":"https:\/\/www.europesays.com\/fr\/wp-json\/wp\/v2\/tags?post=323425"}],"curies":[{"name":"wp","href":"https:\/\/api.w.org\/{rel}","templated":true}]}}