{"id":323429,"date":"2025-08-16T18:53:11","date_gmt":"2025-08-16T18:53:11","guid":{"rendered":"https:\/\/www.europesays.com\/fr\/323429\/"},"modified":"2025-08-16T18:53:11","modified_gmt":"2025-08-16T18:53:11","slug":"taylor-swift-pulverise-un-record-detenu-par-donald-trump","status":"publish","type":"post","link":"https:\/\/www.europesays.com\/fr\/323429\/","title":{"rendered":"Taylor Swift pulv\u00e9rise un record d\u00e9tenu par Donald Trump"},"content":{"rendered":"<p><a href=\"https:\/\/www.20minutes.fr\/arts-stars\/people\/taylor_swift\/\" target=\"_blank\" class=\"c-link c-link--is-underlined\" rel=\"noopener\">Taylor Swift <\/a>n\u2019a pas fini de battre des records et le dernier en date risque de faire trembler la Maison-Blanche. Mercredi, la reine de la pop (et de la com&rsquo;) a d\u00e9voil\u00e9 le titre, la pochette et la date de sortie de son nouvel album intitul\u00e9 <a href=\"https:\/\/www.20minutes.fr\/arts-stars\/culture\/musique\/4167959-20250814-date-sortie-pochette-sait-plus-nouvel-taylor-swift\" target=\"_blank\" class=\"c-link c-link--is-underlined\" rel=\"noopener\">\u00ab\u00a0The Life Of a Showgirl\u00a0\u00bb<\/a> que les fans attendent de pied ferme pour le 3\u00a0octobre.<\/p>\n<p>En annon\u00e7ant cette nouvelle sur le podcast \u00ab\u00a0New Heights\u00a0\u00bb co-anim\u00e9 par son petit ami Travis Kelce et son fr\u00e8re Jason Kelce, la chanteuse a regroup\u00e9 1,3\u00a0million de t\u00e9l\u00e9spectateurs en une heure selon le <a href=\"https:\/\/www.thedailybeast.com\/taylor-swift-smashed-joe-rogans-trump-podcast-ratings-in-first-hour-of-new-heights-appearance\/\" target=\"_blank\" class=\"c-link c-link--is-underlined\" rel=\"noopener\">Daily Beast<\/a>. La derni\u00e8re personne qui d\u00e9tenait le record d\u2019audience sur un podcast n\u2019\u00e9tait autre que son ennemi de longue date\u2026 <a href=\"https:\/\/www.20minutes.fr\/dossier\/donald_trump\" target=\"_blank\" class=\"c-link c-link--is-underlined\" rel=\"noopener\">Donald Trump<\/a>.<\/p>\n<p class=\"mb-xxl@xs color-ultramarine font-weight-semi-bold@xs font-source-serif-pro heading-s@xs\">L\u2019acc\u00e8s \u00e0 ce contenu a \u00e9t\u00e9 bloqu\u00e9 afin de respecter votre choix de consentement<\/p>\n<p class=\"mb-m@xs text-l@xs\">En cliquant sur\u00ab J\u2019accepte \u00bb, vous acceptez le d\u00e9p\u00f4t de cookies par des services externes et aurez ainsi acc\u00e8s aux contenus de nos partenaires.<\/p>\n<p class=\"mb-xl@xs text-s@xs\">Plus d\u2019informations sur la page<a href=\"https:\/\/www.20minutes.fr\/gestion-cookies\" class=\"mx-xxs@xs color-ultramarine\" target=\"_blank\" rel=\"noopener\">Politique de gestion des cookies<\/a><\/p>\n<p>J\u2019accepte<\/p>\n<p>Dans le podcast de Joe Rogan diffus\u00e9 en pleine campagne pr\u00e9sidentielle, le pr\u00e9sident am\u00e9ricain avait provoqu\u00e9 un pic d\u2019audience \u00e0 800.000 personnes lors de la premi\u00e8re heure de diffusion. Une bouch\u00e9e de pain pour Taylor Swift.<\/p>\n<p>Une revanche pour la chanteuse<\/p>\n<p>Les deux Am\u00e9ricains ont r\u00e9guli\u00e8rement affich\u00e9 leur mauvaise entente notamment avant la r\u00e9\u00e9lection de Donald Trump en\u00a02024. En pleine campane pr\u00e9sidentielle, le r\u00e9publicain avait utilis\u00e9 l\u2019IA sur son r\u00e9seau Truth Social pour <a href=\"https:\/\/www.20minutes.fr\/arts-stars\/culture\/4160750-20250627-taylor-swift-devenue-pro-trump-verite-derriere-photo-divise\" target=\"_blank\" class=\"c-link c-link--is-underlined\" rel=\"noopener\">diffuser une image de la chanteuse<\/a> habill\u00e9e en Oncle Sam et demandant \u00e0 ses fans de voter pour Trump. La chanteuse avait d\u00e9nonc\u00e9 un soutien \u00ab\u00a0faussement attribu\u00e9\u00a0\u00bb tout en rappelant les dangers de l\u2019IA.<\/p>\n<p>En r\u00e9ponse, le locataire de la <a href=\"https:\/\/www.20minutes.fr\/dossier\/maison_blanche\" target=\"_blank\" class=\"c-link c-link--is-underlined\" rel=\"noopener\">Maison-Blanche<\/a> avait affirm\u00e9 ne pas \u00eatre \u00ab\u00a0un fan de Taylor Swift\u00a0\u00bb. \u00ab\u00a0Elle semble toujours soutenir un d\u00e9mocrate, et elle en paiera probablement le prix sur le march\u00e9\u00a0\u00bb des ventes musicales, avait-il ajout\u00e9.<\/p>\n<\/p>\n<p>Si l\u2019\u00e9pisode de podcast de Joe Rogan avec Donald Trump cumule 59\u00a0millions de vues uniquement sur YouTube. Sur la cha\u00eene CNN, l\u2019animatrice Kate Bolduan, a pressenti mercredi que l\u2019\u00e9pisode des fr\u00e8res Kelce en pr\u00e9sence de Taylor Swift \u00e9tait \u00ab\u00a0d\u00e9j\u00e0 en passe de devenir l\u2019un des podcasts les plus regard\u00e9s de tous les temps\u00a0\u00bb.<\/p>\n","protected":false},"excerpt":{"rendered":"Taylor Swift n\u2019a pas fini de battre des records et le dernier en date risque de faire trembler&hellip;\n","protected":false},"author":2,"featured_media":323430,"comment_status":"","ping_status":"","sticky":false,"template":"","format":"standard","meta":{"footnotes":""},"categories":[1359],"tags":[1692,58,75,59,73,1011,27,78,873,973,3725,2713,721],"class_list":{"0":"post-323429","1":"post","2":"type-post","3":"status-publish","4":"format-standard","5":"has-post-thumbnail","7":"category-people","8":"tag-album","9":"tag-divertissement","10":"tag-donald-trump","11":"tag-entertainment","12":"tag-etats-unis","13":"tag-fr","14":"tag-france","15":"tag-maison-blanche","16":"tag-musique","17":"tag-people","18":"tag-podcast","19":"tag-taylor-swift","20":"tag-web"},"share_on_mastodon":{"url":"https:\/\/pubeurope.com\/@fr\/115039961372394246","error":""},"_links":{"self":[{"href":"https:\/\/www.europesays.com\/fr\/wp-json\/wp\/v2\/posts\/323429","targetHints":{"allow":["GET"]}}],"collection":[{"href":"https:\/\/www.europesays.com\/fr\/wp-json\/wp\/v2\/posts"}],"about":[{"href":"https:\/\/www.europesays.com\/fr\/wp-json\/wp\/v2\/types\/post"}],"author":[{"embeddable":true,"href":"https:\/\/www.europesays.com\/fr\/wp-json\/wp\/v2\/users\/2"}],"replies":[{"embeddable":true,"href":"https:\/\/www.europesays.com\/fr\/wp-json\/wp\/v2\/comments?post=323429"}],"version-history":[{"count":0,"href":"https:\/\/www.europesays.com\/fr\/wp-json\/wp\/v2\/posts\/323429\/revisions"}],"wp:featuredmedia":[{"embeddable":true,"href":"https:\/\/www.europesays.com\/fr\/wp-json\/wp\/v2\/media\/323430"}],"wp:attachment":[{"href":"https:\/\/www.europesays.com\/fr\/wp-json\/wp\/v2\/media?parent=323429"}],"wp:term":[{"taxonomy":"category","embeddable":true,"href":"https:\/\/www.europesays.com\/fr\/wp-json\/wp\/v2\/categories?post=323429"},{"taxonomy":"post_tag","embeddable":true,"href":"https:\/\/www.europesays.com\/fr\/wp-json\/wp\/v2\/tags?post=323429"}],"curies":[{"name":"wp","href":"https:\/\/api.w.org\/{rel}","templated":true}]}}