{"id":323431,"date":"2025-08-16T18:54:17","date_gmt":"2025-08-16T18:54:17","guid":{"rendered":"https:\/\/www.europesays.com\/fr\/323431\/"},"modified":"2025-08-16T18:54:17","modified_gmt":"2025-08-16T18:54:17","slug":"cecile-gaucheron-championne-dans-lart-de-la-recup","status":"publish","type":"post","link":"https:\/\/www.europesays.com\/fr\/323431\/","title":{"rendered":"C\u00e9cile Gaucheron championne dans l\u2019art de la r\u00e9cup&rsquo;"},"content":{"rendered":"<p>C\u00e9cile Gaucheron de Loudun est une artiste autodidacte qui a commenc\u00e9 \u00e0 peindre il y a quatre ans. \u00ab Je\u00a0suis compl\u00e8tement autodidacte, j\u2019avais besoin de m\u2019exprimer. C\u2019est venu d\u2019un seul coup. Ce sont beaucoup mes \u00e9motions que je mets en \u00e9vidence. \u00e7a me fait du bien, explique l\u2019artiste. Je travaille &#8230; <\/p>\n<p>    Cet article a \u00e9t\u00e9 tronqu\u00e9. Abonnez-vous pour lire l&rsquo;article complet sur notre site.<\/p>\n<p style=\"margin: 0 !important; padding: 0 !important; font-size: 12px !important;\">Cet article a \u00e9t\u00e9 tronqu\u00e9. Abonnez-vous pour lire l&rsquo;article complet.<\/p>\n<p>    <a href=\"https:\/\/www.lanouvellerepublique.fr\/abonnements\" style=\"display: inline-block; margin-top: 5px !important; padding: 6px 12px !important; background: #cb1c27; color: white; text-decoration: none; border-radius: 4px; font-size: 12px !important;\" target=\"_blank\" rel=\"noopener\"><br \/>\n      S&rsquo;abonner<br \/>\n    <\/a><\/p>\n","protected":false},"excerpt":{"rendered":"C\u00e9cile Gaucheron de Loudun est une artiste autodidacte qui a commenc\u00e9 \u00e0 peindre il y a quatre ans.&hellip;\n","protected":false},"author":2,"featured_media":323432,"comment_status":"","ping_status":"","sticky":false,"template":"","format":"standard","meta":{"footnotes":""},"categories":[1358],"tags":[1348,1384,1385,1674,1386,58,59,1349,1011,27,13686],"class_list":{"0":"post-323431","1":"post","2":"type-post","3":"status-publish","4":"format-standard","5":"has-post-thumbnail","7":"category-arts-et-design","8":"tag-arts","9":"tag-arts-and-design","10":"tag-arts-et-design","11":"tag-communes","12":"tag-design","13":"tag-divertissement","14":"tag-entertainment","15":"tag-expositions","16":"tag-fr","17":"tag-france","18":"tag-loudun"},"share_on_mastodon":{"url":"https:\/\/pubeurope.com\/@fr\/115039965455267322","error":""},"_links":{"self":[{"href":"https:\/\/www.europesays.com\/fr\/wp-json\/wp\/v2\/posts\/323431","targetHints":{"allow":["GET"]}}],"collection":[{"href":"https:\/\/www.europesays.com\/fr\/wp-json\/wp\/v2\/posts"}],"about":[{"href":"https:\/\/www.europesays.com\/fr\/wp-json\/wp\/v2\/types\/post"}],"author":[{"embeddable":true,"href":"https:\/\/www.europesays.com\/fr\/wp-json\/wp\/v2\/users\/2"}],"replies":[{"embeddable":true,"href":"https:\/\/www.europesays.com\/fr\/wp-json\/wp\/v2\/comments?post=323431"}],"version-history":[{"count":0,"href":"https:\/\/www.europesays.com\/fr\/wp-json\/wp\/v2\/posts\/323431\/revisions"}],"wp:featuredmedia":[{"embeddable":true,"href":"https:\/\/www.europesays.com\/fr\/wp-json\/wp\/v2\/media\/323432"}],"wp:attachment":[{"href":"https:\/\/www.europesays.com\/fr\/wp-json\/wp\/v2\/media?parent=323431"}],"wp:term":[{"taxonomy":"category","embeddable":true,"href":"https:\/\/www.europesays.com\/fr\/wp-json\/wp\/v2\/categories?post=323431"},{"taxonomy":"post_tag","embeddable":true,"href":"https:\/\/www.europesays.com\/fr\/wp-json\/wp\/v2\/tags?post=323431"}],"curies":[{"name":"wp","href":"https:\/\/api.w.org\/{rel}","templated":true}]}}