{"id":323433,"date":"2025-08-16T18:55:11","date_gmt":"2025-08-16T18:55:11","guid":{"rendered":"https:\/\/www.europesays.com\/fr\/323433\/"},"modified":"2025-08-16T18:55:11","modified_gmt":"2025-08-16T18:55:11","slug":"grand-mere-ne-pourra-plus-payer-pour-le-retard-un-livre-de-bibliotheque-rendu-apres-82-ans","status":"publish","type":"post","link":"https:\/\/www.europesays.com\/fr\/323433\/","title":{"rendered":"\u00ab\u00a0Grand-m\u00e8re ne pourra plus payer pour le retard\u00a0\u00bb\u00a0: un livre de biblioth\u00e8que rendu apr\u00e8s 82\u00a0ans"},"content":{"rendered":"<p class=\"paragraph text_align_left lp-f-body-02\">\u00ab Votre enfant, sa famille et ses amis \u00bb, c\u2019est le titre du <a href=\"https:\/\/www.leparisien.fr\/culture-loisirs\/livres\/plus-de-38-millions-de-dollars-voici-le-livre-le-plus-cher-du-monde-18-05-2023-BP7NL6Z6RFB7RC3SRYX5LROYHE.php\" target=\"_self\" rel=\"nofollow noopener\">livre<\/a> \u00e9crit par Frances Bruce Strain, conseill\u00e8re conjugale et familiale, qui a \u00e9t\u00e9 rendu en juin dernier dans une <a href=\"https:\/\/www.leparisien.fr\/paris-75\/paris-une-dizaine-de-bibliotheques-perturbees-ou-en-sont-les-reparations-09-03-2025-UNDDVZUYVVDSNISDFBFXCFOMXQ.php\" target=\"_self\" rel=\"nofollow noopener\">biblioth\u00e8que<\/a> de San Antonio, au Texas, 82 ans apr\u00e8s avoir \u00e9t\u00e9 emprunt\u00e9, en juillet 1943, a rapport\u00e9 <a href=\"https:\/\/apnews.com\/article\/library-book-returned-san-antonio-82-years-f828a745de1b250d9f8fb8b50dbc8e48\" target=\"_self\" rel=\"nofollow noopener\">AP<\/a>.<\/p>\n<p class=\"paragraph text_align_left lp-f-body-02\">Celle qui avait emport\u00e9 ce livre avec elle \u00e9tait originaire de l\u2019Oregon, a indiqu\u00e9 la biblioth\u00e8que dans un communiqu\u00e9 de presse. \u00ab Apr\u00e8s le d\u00e9c\u00e8s r\u00e9cent de mon p\u00e8re, j\u2019ai h\u00e9rit\u00e9 de quelques cartons de livres qu\u2019il avait laiss\u00e9s \u00bb, a \u00e9crit la personne qui a finalement rendu le livre dans une lettre partag\u00e9e par la biblioth\u00e8que sur Instagram et sign\u00e9e des initiales P.A.A.G. Ce livre \u00e9tait un guide destin\u00e9 aux <a href=\"https:\/\/www.leparisien.fr\/societe\/jai-honte-de-mon-fils-face-aux-propos-masculinistes-de-certains-ados-des-parents-en-plein-desarroi-15-04-2025-4UX5F4PKQVBAFE2THK4HDEBJQE.php\" target=\"_self\" rel=\"nofollow noopener\">parents<\/a> pour aider leurs enfants \u00e0 g\u00e9rer leurs relations personnelles. Il a \u00e9t\u00e9 emprunt\u00e9 lorsque le p\u00e8re de la personne avait 11 ans.<\/p>\n<p class=\"paragraph text_align_left lp-f-body-02\">\u00ab Le livre a d\u00fb \u00eatre emprunt\u00e9 par ma grand-m\u00e8re, Maria del Socorro Aldrete Flores (Cortez) \u00bb, a \u00e9crit la personne. \u00ab Cette ann\u00e9e-l\u00e0, elle a \u00e9t\u00e9 mut\u00e9e \u00e0 Mexico pour travailler \u00e0 l\u2019ambassade des \u00c9tats-Unis. Elle a d\u00fb emporter le livre avec elle, et quelque 82 ans plus tard, il s\u2019est retrouv\u00e9 en ma possession. \u00bb<\/p>\n<p>Le livre vendu au profit de la biblioth\u00e8que<\/p>\n<p class=\"paragraph text_align_left lp-f-body-02\">Le livre avait fait l\u2019objet d\u2019articles dans diff\u00e9rents journaux de l\u2019\u00e9poque. Le Cincinnati Enquirer le d\u00e9crivait en juin 1943 comme un \u00ab guide complet des relations personnelles de l\u2019enfant avec sa famille et le monde ext\u00e9rieur \u00bb. Le New York Times mentionnait un mois plus tard que Frances Strain \u00e9tait psychologue et m\u00e8re de deux enfants, \u00ab connue pour sa pr\u00e9sentation sage, sensible, mais d\u00e9nu\u00e9e de sentimentalisme, de l\u2019\u00e9ducation sexuelle \u00bb.<\/p>\n<p class=\"lp-card-podcast-highlighting__title  lp-f-subtitle-05\">[4\/4] C\u00e9cile Vallin, les secrets d\u2019une disparition<\/p>\n<p class=\"lp-card-podcast-highlighting__description lp-f-ui-05\">Crime story raconte chaque semaine les grandes affaires criminelles.<\/p>\n<p><a class=\"lp-card-podcast-highlighting__call-to-action\" data-page-type=\"HP\" data-block-name=\"podcast-highlight\">\u00c9couter<\/a><\/p>\n<p class=\"paragraph text_align_left lp-f-body-02\">La personne qui a rendu le livre \u00e9crivait dans sa lettre : \u00ab J\u2019esp\u00e8re qu\u2019il n\u2019y aura pas de frais de retard, car grand-m\u00e8re ne pourra plus les payer. \u00bb<\/p>\n<p class=\"paragraph text_align_left lp-f-body-02\">La biblioth\u00e8que a annonc\u00e9 dans un communiqu\u00e9 de presse avoir supprim\u00e9 les amendes pour retard en 2021. L\u2019int\u00e9rieur de la couverture du livre comportait un avertissement indiquant que l\u2019amende pour les livres en retard \u00e9tait de trois cents par jour. Hors inflation, la p\u00e9nalit\u00e9 s\u2019\u00e9l\u00e8verait \u00e0 pr\u00e8s de 900 dollars (soit pr\u00e8s de 770 euros). Selon le calculateur d\u2019inflation du Bureau of Labor Statistics des \u00c9tats-Unis, trois cents en juillet 1943 \u00e9quivalaient \u00e0 56 cents en monnaie actuelle. Cela repr\u00e9senterait donc plus de 16 000 dollars (soit 13 668 euros).<\/p>\n<p class=\"paragraph text_align_left lp-f-body-02\">La biblioth\u00e8que a indiqu\u00e9 que le livre \u00e9tait en \u00ab bon \u00e9tat \u00bb. Il sera expos\u00e9 \u00e0 la biblioth\u00e8que centrale de la ville jusqu\u2019en ao\u00fbt. Il sera ensuite donn\u00e9 aux Amis de la biblioth\u00e8que publique de San Antonio et vendu au profit de la biblioth\u00e8que. Ce n\u2019est pour autant pas le livre rendu avec le plus de retard : le Guinness des records indique que le livre de biblioth\u00e8que le plus en retard a \u00e9t\u00e9 rendu au Sidney Sussex College de l\u2019Universit\u00e9 de Cambridge, en Angleterre, en 1956. Il avait \u00e9t\u00e9 emprunt\u00e9 en 1668, soit 288 ans plus t\u00f4t. Aucune amende n\u2019a \u00e9t\u00e9 per\u00e7ue.<\/p>\n","protected":false},"excerpt":{"rendered":"\u00ab Votre enfant, sa famille et ses amis \u00bb, c\u2019est le titre du livre \u00e9crit par Frances Bruce&hellip;\n","protected":false},"author":2,"featured_media":323434,"comment_status":"","ping_status":"","sticky":false,"template":"","format":"standard","meta":{"footnotes":""},"categories":[1357],"tags":[1379,58,59,118,1011,27,1380],"class_list":{"0":"post-323433","1":"post","2":"type-post","3":"status-publish","4":"format-standard","5":"has-post-thumbnail","7":"category-livres","8":"tag-books","9":"tag-divertissement","10":"tag-entertainment","11":"tag-faits-divers","12":"tag-fr","13":"tag-france","14":"tag-livres"},"share_on_mastodon":{"url":"https:\/\/pubeurope.com\/@fr\/115039969522502437","error":""},"_links":{"self":[{"href":"https:\/\/www.europesays.com\/fr\/wp-json\/wp\/v2\/posts\/323433","targetHints":{"allow":["GET"]}}],"collection":[{"href":"https:\/\/www.europesays.com\/fr\/wp-json\/wp\/v2\/posts"}],"about":[{"href":"https:\/\/www.europesays.com\/fr\/wp-json\/wp\/v2\/types\/post"}],"author":[{"embeddable":true,"href":"https:\/\/www.europesays.com\/fr\/wp-json\/wp\/v2\/users\/2"}],"replies":[{"embeddable":true,"href":"https:\/\/www.europesays.com\/fr\/wp-json\/wp\/v2\/comments?post=323433"}],"version-history":[{"count":0,"href":"https:\/\/www.europesays.com\/fr\/wp-json\/wp\/v2\/posts\/323433\/revisions"}],"wp:featuredmedia":[{"embeddable":true,"href":"https:\/\/www.europesays.com\/fr\/wp-json\/wp\/v2\/media\/323434"}],"wp:attachment":[{"href":"https:\/\/www.europesays.com\/fr\/wp-json\/wp\/v2\/media?parent=323433"}],"wp:term":[{"taxonomy":"category","embeddable":true,"href":"https:\/\/www.europesays.com\/fr\/wp-json\/wp\/v2\/categories?post=323433"},{"taxonomy":"post_tag","embeddable":true,"href":"https:\/\/www.europesays.com\/fr\/wp-json\/wp\/v2\/tags?post=323433"}],"curies":[{"name":"wp","href":"https:\/\/api.w.org\/{rel}","templated":true}]}}