{"id":323435,"date":"2025-08-16T18:56:13","date_gmt":"2025-08-16T18:56:13","guid":{"rendered":"https:\/\/www.europesays.com\/fr\/323435\/"},"modified":"2025-08-16T18:56:13","modified_gmt":"2025-08-16T18:56:13","slug":"cela-na-pas-ete-respecte-hugo-lile-de-la-tentation-sen-prend-a-la-production-des-cinquante-sur-w9","status":"publish","type":"post","link":"https:\/\/www.europesays.com\/fr\/323435\/","title":{"rendered":"\u00ab\u00a0Cela n\u2019a pas \u00e9t\u00e9 respect\u00e9\u2026\u00a0\u00bb : Hugo (\u00ab\u00a0L\u2019\u00cele de la Tentation\u00a0\u00bb) s\u2019en prend \u00e0 la production des \u00ab\u00a0Cinquante\u00a0\u00bb sur W9"},"content":{"rendered":"<p>            <img loading=\"lazy\" decoding=\"async\" src=\"https:\/\/www.europesays.com\/fr\/wp-content\/uploads\/2025\/04\/87-65fc4537aa4a1-35x35-1.jpg\" class=\"author-article-picture\" width=\"35\" height=\"35\"\/><\/p>\n<p>                Par<br \/>\n                                    <a class=\"author-article-bio-link\" href=\"https:\/\/www.ozap.com\/auteur\/olivier-cortinovis_a87\" rel=\"nofollow noopener\" target=\"_blank\">Olivier Cortinovis<\/a><br \/>\n                                                    | Journaliste<\/p>\n<p>\n                Sportif frustr\u00e9 (les ligaments crois\u00e9s tu connais\u2026) qui a choisi le journalisme pour tacler ceux qui ont r\u00e9ussi. Mon volume de jeu me permet aujourd\u2019hui de couvrir toujours autant de terrain, des grands shows de la TNT (Koh-Lanta, Star Academy, P\u00e9kin Express) aux s\u00e9ries les plus confidentielles sur Netflix. Avec un seul credo dans la musette : celui de raconter des histoires avec de l\u2019humain et un peu d\u2019humour dedans\n            <\/p>\n<p>\n    Toujours en couple avec Marine, le jeune homme n&rsquo;a pas appr\u00e9ci\u00e9 de se retrouver une nouvelle fois avec Katell sur le tournage d&rsquo;une \u00e9mission.\n<\/p>\n<p>                            <img loading=\"lazy\" decoding=\"async\" class=\"player-thumbnail\" src=\"https:\/\/www.europesays.com\/fr\/wp-content\/uploads\/2025\/08\/eb0c62b36e826c15-580x326-1.jpg\" width=\"580\" height=\"326\"\/><\/p>\n<p>                    K\u00e9vin Guedj remporte \u00ab\u00a0Les cinquante\u00a0\u00bb saison 3 sur W9, le vendredi 6 d\u00e9cembre 2024. D\u00e9couvrez le casting de la saison 4. \u00a9 Vid\u00e9o : W9  \/ Photo : Patrick ROBERT\/W9<\/p>\n<p>La suite apr\u00e8s la publicit\u00e9<\/p>\n<p><a href=\"https:\/\/www.ozap.com\/actu\/les-cinquante-2025-date-de-diffusion-casting-complet-nouveautes-tout-ce-qu-il-faut-savoir-sur-la-saison-4-de-la-tele-realite-de-w9\/651006\" rel=\"nofollow noopener\" target=\"_blank\">Pour cette quatri\u00e8me saison<\/a>, le Lion a d\u00e9cid\u00e9 de jouer avec les nerfs des \u00ab\u00a0Cinquante\u00a0\u00bb. Contrairement aux \u00e9ditions pr\u00e9c\u00e9dentes, <a href=\"https:\/\/www.ozap.com\/actu\/les-cinquante-2025-carine-haddadou-star-academy-john-david-de-secret-story-2-kelly-hellard-w9-devoile-le-casting-complet-de-la-saison-4\/650455\" rel=\"nofollow noopener\" target=\"_blank\">les candidats, tous issus de la t\u00e9l\u00e9-r\u00e9alit\u00e9 ou des r\u00e9seaux sociaux<\/a>, n\u2019ont jamais eu affaire aux \u00e9preuves et d\u00e9fis concoct\u00e9s par le ma\u00eetre des lieux. Et pourtant, d\u00e8s <a href=\"https:\/\/www.ozap.com\/actu\/en-prevision-de-larrivee-de-cyril-hanouna-qui-heritera-de-la-case-le-1er-septembre-w9-lance-la-saison-4-des-cinquante-des-le-18-aout\/650996\" rel=\"nofollow noopener\" target=\"_blank\">le premier \u00e9pisode diffus\u00e9 le lundi 18 ao\u00fbt \u00e0 19h50<\/a>, ils seront d\u00e9sar\u00e7onn\u00e9s par<a href=\"https:\/\/www.ozap.com\/actu\/pour-la-toute-premiere-fois-dans-l-histoire-des-cinquante-w9-bouleverse-les-regles-de-sa-tele-realite-pour-sa-4e-saison\/651208\" rel=\"nofollow noopener\" target=\"_blank\"> un changement de taille<\/a>. \u00ab\u00a0Pour cette quatri\u00e8me \u00e9dition, je vous ai r\u00e9serv\u00e9 de nombreuses surprises. Attention, pour la toute premi\u00e8re fois dans l&rsquo;histoire des &lsquo;Cinquante&rsquo;, le jeu ne va pas commencer individuellement. C&rsquo;est en \u00e9quipe que vous allez devoir vous affronter\u00a0\u00bb, a annonc\u00e9 fi\u00e8rement le grand fauve \u00e0 ses convives. Tous ont en effet re\u00e7u une enveloppe color\u00e9e \u00e0 leur entr\u00e9e au ch\u00e2teau de Bertich\u00e8res, d\u00e9terminant leurs co\u00e9quipiers de fortune.<\/p>\n<p>Hugo et Marine menacent de boycotter \u00ab\u00a0Les Cinquante\u00a0\u00bb<\/p>\n<p>Afin de renouveler son casting de concurrents, la production du jeu de W9 a pioch\u00e9 dans plusieurs programmes plus ou moins r\u00e9cents. John-David (saison 2 de \u00ab\u00a0Secret Story\u00a0\u00bb), Carine Haddadou (saison 1 de la \u00ab\u00a0Star Academy\u00a0\u00bb) ou Benjamin Bove (\u00ab\u00a0Queer, cinq experts dans le vent\u00a0\u00bb sur TF1) effectuent leur retour sur le petit \u00e9cran apr\u00e8s de longues ann\u00e9es d\u2019absence, et se m\u00ealeront dans l\u2019ar\u00e8ne \u00e0 des petits nouveaux. C\u2019est le cas de Marine, Hugo et Katell, lesquels avaient form\u00e9 <a href=\"https:\/\/www.ozap.com\/actu\/on-na-pas-fait-que-dormir-apres-arnaud-un-autre-candidat-de-lile-de-la-tentation-cede-au-charme-dune-tentatrice-sur-w9\/648764\" rel=\"nofollow noopener\" target=\"_blank\">un dr\u00f4le de triangle amoureux<\/a> lors de l&rsquo;\u00e9dition 2025 de \u00ab\u00a0L\u2019\u00eele de la tentation\u00a0\u00bb. Les deux premiers, en couple, avaient termin\u00e9 l\u2019aventure <a href=\"https:\/\/www.ozap.com\/actu\/ensemble-ou-separement-3-mois-apres-le-tournage-de-l-Ile-de-la-tentation-2025-decouvrez-le-vrai-bilan-amoureux-de-cette-saison\/649190\" rel=\"nofollow noopener\" target=\"_blank\">en pleurs mais main dans la main<\/a>, malgr\u00e9 les tromperies du coach sportif avec la belle Latina. Des semaines apr\u00e8s, ce trio s\u2019\u00e9tait retrouv\u00e9 \u00e0 l\u2019\u00e9preuve sur <a href=\"https:\/\/www.ozap.com\/actu\/the-detective-club-qui-sont-les-20-candidats-de-la-nouvelle-tele-realite-de-w9\/650395\" rel=\"nofollow noopener\" target=\"_blank\">le tournage de \u00ab\u00a0The Detective Club\u00a0\u00bb<\/a>, devant essayer de mettre leurs diff\u00e9rents de c\u00f4t\u00e9 pour collaborer et d\u00e9masquer les voleurs.<\/p>\n<p>Mais se retrouver une nouvelle fois convoqu\u00e9e pour la m\u00eame aventure aura \u00e9t\u00e9 la goutte d\u2019eau qui fait d\u00e9border le vase pour Hugo et Marine. D\u2019autant que la production a pouss\u00e9 le bouchon en r\u00e9unissant les ennemies jur\u00e9es dans la m\u00eame \u00e9quipe. Contrari\u00e9, le placide Hugo est sorti de sa r\u00e9serve pour d\u00e9noncer ce qu\u2019il juge comme un coup de Trafalgar. \u00ab\u00a0On a beaucoup r\u00e9fl\u00e9chi et on a pris la d\u00e9cision d\u2019accepter (seulement) si les conditions \u00e9taient r\u00e9unies pour passer un tournage en toute s\u00e9r\u00e9nit\u00e9\u00a0\u00bb, a \u00e9crit le coach sportif sur Instagram. \u00ab\u00a0Cela n\u2019a pas \u00e9t\u00e9 respect\u00e9 et outrepass\u00e9\u00a0\u00bb, se plaint-il autour de cette volont\u00e9 des \u00e9quipes des \u00ab\u00a0Cinquante\u00a0\u00bb de \u00ab\u00a0ressasser encore et toujours une histoire qui ne rime \u00e0 rien\u00a0\u00bb. En cons\u00e9quence, le tourtereaux ont pris une d\u00e9cision radicale : celle de ne pas parler de ce programme, que ce soit dans la presse ou sur ses r\u00e9seaux sociaux.\u00a0<\/p>\n<p>A lire aussi : <strong>\u00ab\u00a0Les cinquante\u00a0\u00bb 2025 : Date de diffusion, casting complet, nouveaut\u00e9s&#8230; Tout ce qu&rsquo;il faut savoir sur la saison 4 de la t\u00e9l\u00e9-r\u00e9alit\u00e9 de W9<\/strong><\/p>\n<p>Les \u00ab\u00a0Cinquante\u00a0\u00bb perdent des amateurs en cours de route<\/p>\n<p>Avec cette organisation du jeu en \u00e9quipes, mais aussi l&rsquo;ajout de nouveaux personnages, W9, <a href=\"https:\/\/www.ozap.com\/actu\/un-pilier-de-cette-chaine-avant-larrive-de-cyril-hanouna-w9-reaffirme-son-attachement-a-la-tele-realite-en-lancant-le-format-inedit-the-detective-club\/650391\" rel=\"nofollow noopener\" target=\"_blank\">qui a r\u00e9affirm\u00e9 son attachement \u00e0 la t\u00e9l\u00e9-r\u00e9alit\u00e9<\/a>, esp\u00e8re bien redresser les audiences d&rsquo;un divertissement moins suivi d&rsquo;ann\u00e9e en ann\u00e9e. Alors que la deuxi\u00e8me promotion avait perdu 2.000 t\u00e9l\u00e9spectateurs en moyenne par rapport \u00e0 la pionni\u00e8re (456.000 t\u00e9l\u00e9spectateurs, soit 2,2% des 4+) sur l&rsquo;ensemble de la saison, la troisi\u00e8me partie avait \u00e9t\u00e9 suivie par <strong>336.000<\/strong> fid\u00e8les en moyenne chaque soir, ce qui repr\u00e9sente <strong>1,7%<\/strong> des 4 ans et plus. Selon des chiffres de M\u00e9diam\u00e9trie fournis \u00e0<strong> Purem\u00e9dias<\/strong> par W9, \u00ab\u00a0Les cinquante\u00a0\u00bb saison 3 a \u00e9t\u00e9 pl\u00e9biscit\u00e9e en consolid\u00e9 par<strong> 6,0%<\/strong> des 25-49 ans et <strong>8,0%<\/strong> des 15-34 ans (scores \u00e0 J+7 avec estimations des derni\u00e8res dates non consolid\u00e9es). Par ailleurs, le lancement de la saison, suivi en lin\u00e9aire par 356.000 t\u00e9l\u00e9spectateurs et 1,8% du public le 2 septembre 2024, a cumul\u00e9 318.000 t\u00e9l\u00e9spectateurs suppl\u00e9mentaires \u00e0 J+28, soit le meilleur gain pour une t\u00e9l\u00e9-r\u00e9alit\u00e9 d&rsquo;access sur la TNT depuis 5 ans.\u00a0<\/p>\n","protected":false},"excerpt":{"rendered":"Par Olivier Cortinovis | Journaliste Sportif frustr\u00e9 (les ligaments crois\u00e9s tu connais\u2026) qui a choisi le journalisme pour&hellip;\n","protected":false},"author":2,"featured_media":323436,"comment_status":"","ping_status":"","sticky":false,"template":"","format":"standard","meta":{"footnotes":""},"categories":[1356],"tags":[58,59,1011,27,252,1364],"class_list":{"0":"post-323435","1":"post","2":"type-post","3":"status-publish","4":"format-standard","5":"has-post-thumbnail","7":"category-television","8":"tag-divertissement","9":"tag-entertainment","10":"tag-fr","11":"tag-france","12":"tag-television","13":"tag-tv"},"share_on_mastodon":{"url":"https:\/\/pubeurope.com\/@fr\/115039974112456512","error":""},"_links":{"self":[{"href":"https:\/\/www.europesays.com\/fr\/wp-json\/wp\/v2\/posts\/323435","targetHints":{"allow":["GET"]}}],"collection":[{"href":"https:\/\/www.europesays.com\/fr\/wp-json\/wp\/v2\/posts"}],"about":[{"href":"https:\/\/www.europesays.com\/fr\/wp-json\/wp\/v2\/types\/post"}],"author":[{"embeddable":true,"href":"https:\/\/www.europesays.com\/fr\/wp-json\/wp\/v2\/users\/2"}],"replies":[{"embeddable":true,"href":"https:\/\/www.europesays.com\/fr\/wp-json\/wp\/v2\/comments?post=323435"}],"version-history":[{"count":0,"href":"https:\/\/www.europesays.com\/fr\/wp-json\/wp\/v2\/posts\/323435\/revisions"}],"wp:featuredmedia":[{"embeddable":true,"href":"https:\/\/www.europesays.com\/fr\/wp-json\/wp\/v2\/media\/323436"}],"wp:attachment":[{"href":"https:\/\/www.europesays.com\/fr\/wp-json\/wp\/v2\/media?parent=323435"}],"wp:term":[{"taxonomy":"category","embeddable":true,"href":"https:\/\/www.europesays.com\/fr\/wp-json\/wp\/v2\/categories?post=323435"},{"taxonomy":"post_tag","embeddable":true,"href":"https:\/\/www.europesays.com\/fr\/wp-json\/wp\/v2\/tags?post=323435"}],"curies":[{"name":"wp","href":"https:\/\/api.w.org\/{rel}","templated":true}]}}