{"id":323437,"date":"2025-08-16T18:57:14","date_gmt":"2025-08-16T18:57:14","guid":{"rendered":"https:\/\/www.europesays.com\/fr\/323437\/"},"modified":"2025-08-16T18:57:14","modified_gmt":"2025-08-16T18:57:14","slug":"bruce-dickinson-explique-pourquoi-iron-maiden-ne-bannira-pas-les-telephones-comme-ghost","status":"publish","type":"post","link":"https:\/\/www.europesays.com\/fr\/323437\/","title":{"rendered":"Bruce Dickinson explique pourquoi Iron Maiden ne bannira pas les t\u00e9l\u00e9phones comme Ghost"},"content":{"rendered":"<p><strong><a href=\"https:\/\/www.metalzone.fr\/bruce-dickinson\/\" rel=\"nofollow noopener\" target=\"_blank\">Bruce Dickinson<\/a> estime qu\u2019une interdiction totale des t\u00e9l\u00e9phones, comme celle instaur\u00e9e par <a href=\"https:\/\/www.metalzone.fr\/ghost\/\" rel=\"nofollow noopener\" target=\"_blank\">Ghost<\/a>, serait difficilement applicable aux concerts d\u2019<a href=\"https:\/\/www.metalzone.fr\/iron-maiden\/\" rel=\"nofollow noopener\" target=\"_blank\">Iron Maiden<\/a>, malgr\u00e9 les demandes r\u00e9p\u00e9t\u00e9es du groupe d\u2019en limiter l\u2019usage.<\/strong><\/p>\n<p>Iron Maiden pr\u00e9f\u00e8re la demande \u00e0 l\u2019interdiction<\/p>\n<p>Invit\u00e9 de l\u2019\u00e9mission Trunk Nation With Eddie Trunk, Bruce Dickinson a expliqu\u00e9 pourquoi le syst\u00e8me de pochettes Yondr utilis\u00e9 par Ghost ne conviendrait pas \u00e0 Iron Maiden. Selon lui, une telle mesure est faisable dans une salle ferm\u00e9e, mais se complique lorsqu\u2019il s\u2019agit de stades ou de festivals r\u00e9unissant des dizaines de milliers de personnes. Le chanteur a d\u00e9clar\u00e9 : \u201c\u00c0 partir du moment o\u00f9 l\u2019on parle de 50 000 personnes en plein air, c\u2019est presque impossible \u00e0 contr\u00f4ler sans transformer le concert en camp de prisonniers. Ce n\u2019est pas ce que nous voulons.\u201d Des propos rapport\u00e9s par <a href=\"https:\/\/blabbermouth.net\/news\/bruce-dickinson-explains-why-ghost-style-phone-ban-would-be-very-difficult-to-enforce-at-iron-maiden-concerts\" target=\"_blank\" rel=\"nofollow noopener\">Blabbermouth<\/a>.<\/p>\n<p>Le groupe britannique a donc choisi une autre voie : une simple demande de courtoisie. Dickinson a pr\u00e9cis\u00e9 que l\u2019objectif n\u2019\u00e9tait pas d\u2019interdire, mais d\u2019inciter les spectateurs \u00e0 vivre le moment sans \u00e9cran. Une position qu\u2019il d\u00e9fend d\u00e9j\u00e0 depuis plusieurs semaines, comme rappel\u00e9 <a href=\"https:\/\/www.metalzone.fr\/news\/218238-pourquoi-filmer-concert-pendant-deux-heures-bruce-dickinson-iron-maiden\/\" target=\"_blank\" rel=\"noopener nofollow\">ici<\/a>.<\/p>\n<p>Un d\u00e9bat qui s\u2019inscrit dans une tourn\u00e9e historique<\/p>\n<p>Iron Maiden vient de conclure la partie europ\u00e9enne de la tourn\u00e9e Run For Your Lives, c\u00e9l\u00e9brant ses 50 ans avec un retour sur les neuf premiers albums du groupe. Cette s\u00e9rie de concerts a \u00e9galement marqu\u00e9 l\u2019arriv\u00e9e du batteur Simon Dawson, chaleureusement accueilli par le public, comme \u00e9voqu\u00e9 <a href=\"https:\/\/www.metalzone.fr\/news\/218765-simon-dawson-remercie-fans-apres-premiere-tournee-iron-maiden\/\" target=\"_blank\" rel=\"noopener nofollow\">dans cet article<\/a>.<\/p>\n<p>Rod Smallwood, manager historique du groupe, s\u2019\u00e9tait d\u00e9j\u00e0 adress\u00e9 aux fans en amont de la tourn\u00e9e pour leur demander de r\u00e9duire l\u2019usage du t\u00e9l\u00e9phone. Sa d\u00e9claration, d\u00e9j\u00e0 relay\u00e9e <a href=\"https:\/\/www.metalzone.fr\/news\/214856-iron-maiden-veut-moins-ecrans-plus-passion-50-ans\/\" target=\"_blank\" rel=\"noopener nofollow\">ici<\/a>, mettait en avant le respect de la musique et de l\u2019exp\u00e9rience collective.<\/p>\n<p>Un avenir charg\u00e9 pour Bruce Dickinson et Iron Maiden<\/p>\n<p>Au-del\u00e0 de ce d\u00e9bat, Dickinson s\u2019est montr\u00e9 enthousiaste quant \u00e0 l\u2019avenir du groupe, affirmant r\u00e9cemment que \u201cbeaucoup de choses\u201d attendaient encore Iron Maiden, comme d\u00e9taill\u00e9 <a href=\"https:\/\/www.metalzone.fr\/news\/217669-bruce-dickinson-tease-avenir-iron-maiden\/\" target=\"_blank\" rel=\"noopener nofollow\">ici<\/a>. Parall\u00e8lement, il pr\u00e9pare un nouvel album solo pr\u00e9vu pour 2027, d\u00e9crit comme \u201clourd \u00e0 vous broyer les os\u201d, et approuv\u00e9 par Steve Harris en personne, selon <a href=\"https:\/\/www.metalzone.fr\/news\/219208-bruce-dickinson-album-lourd-2027-approuve-steve-harris-iron-maiden\/\" target=\"_blank\" rel=\"noopener nofollow\">cet article<\/a>.<\/p>\n<p>Entre cette tourn\u00e9e gigantesque qui a rassembl\u00e9 des foules immenses et ses projets personnels, le chanteur montre que la l\u00e9gende du <a href=\"https:\/\/www.metalzone.fr\/heavy-metal\/\" rel=\"nofollow noopener\" target=\"_blank\">heavy metal<\/a> est encore loin d\u2019avoir dit son dernier mot.<\/p>\n","protected":false},"excerpt":{"rendered":"Bruce Dickinson estime qu\u2019une interdiction totale des t\u00e9l\u00e9phones, comme celle instaur\u00e9e par Ghost, serait difficilement applicable aux concerts&hellip;\n","protected":false},"author":2,"featured_media":323438,"comment_status":"","ping_status":"","sticky":false,"template":"","format":"standard","meta":{"footnotes":""},"categories":[1355],"tags":[58,59,1011,27,1361,873],"class_list":{"0":"post-323437","1":"post","2":"type-post","3":"status-publish","4":"format-standard","5":"has-post-thumbnail","7":"category-musique","8":"tag-divertissement","9":"tag-entertainment","10":"tag-fr","11":"tag-france","12":"tag-music","13":"tag-musique"},"share_on_mastodon":{"url":"https:\/\/pubeurope.com\/@fr\/115039977290992162","error":""},"_links":{"self":[{"href":"https:\/\/www.europesays.com\/fr\/wp-json\/wp\/v2\/posts\/323437","targetHints":{"allow":["GET"]}}],"collection":[{"href":"https:\/\/www.europesays.com\/fr\/wp-json\/wp\/v2\/posts"}],"about":[{"href":"https:\/\/www.europesays.com\/fr\/wp-json\/wp\/v2\/types\/post"}],"author":[{"embeddable":true,"href":"https:\/\/www.europesays.com\/fr\/wp-json\/wp\/v2\/users\/2"}],"replies":[{"embeddable":true,"href":"https:\/\/www.europesays.com\/fr\/wp-json\/wp\/v2\/comments?post=323437"}],"version-history":[{"count":0,"href":"https:\/\/www.europesays.com\/fr\/wp-json\/wp\/v2\/posts\/323437\/revisions"}],"wp:featuredmedia":[{"embeddable":true,"href":"https:\/\/www.europesays.com\/fr\/wp-json\/wp\/v2\/media\/323438"}],"wp:attachment":[{"href":"https:\/\/www.europesays.com\/fr\/wp-json\/wp\/v2\/media?parent=323437"}],"wp:term":[{"taxonomy":"category","embeddable":true,"href":"https:\/\/www.europesays.com\/fr\/wp-json\/wp\/v2\/categories?post=323437"},{"taxonomy":"post_tag","embeddable":true,"href":"https:\/\/www.europesays.com\/fr\/wp-json\/wp\/v2\/tags?post=323437"}],"curies":[{"name":"wp","href":"https:\/\/api.w.org\/{rel}","templated":true}]}}