{"id":323439,"date":"2025-08-16T18:58:35","date_gmt":"2025-08-16T18:58:35","guid":{"rendered":"https:\/\/www.europesays.com\/fr\/323439\/"},"modified":"2025-08-16T18:58:35","modified_gmt":"2025-08-16T18:58:35","slug":"le-quiz-ultime-en-5-questions-pour-savoir-si-tu-survis-dans-harry-potter-ou-le-seigneur-des-anneaux","status":"publish","type":"post","link":"https:\/\/www.europesays.com\/fr\/323439\/","title":{"rendered":"Le quiz ultime en 5 questions pour savoir si tu survis dans Harry Potter ou Le Seigneur des Anneaux"},"content":{"rendered":"<p><p><a href=\"https:\/\/www.serieously.com\" rel=\"nofollow noopener\" target=\"_blank\">Accueil<\/a> &gt; <a href=\"https:\/\/www.serieously.com\/quiz\/\" rel=\"nofollow noopener\" target=\"_blank\">Quiz<\/a> &gt; Le quiz ultime en 5 questions pour savoir si tu survis dans Harry Potter ou Le Seigneur des Anneaux<\/p>\n<\/p>\n<p class=\"o-article__published-by o-article__bullets\">\n            Publi\u00e9 le<br \/>\n                        16 ao\u00fbt 2025 \u00e0 17 h 00<\/p>\n<p>             Par<br \/>\n                <a href=\"https:\/\/www.serieously.com\/author\/alexis\/\" rel=\"nofollow noopener\" target=\"_blank\">Alexis<br \/>\n                    Savona<\/a><\/p>\n<p><strong>Imaginons, tu plonges dans le monde fantastique d\u2019Harry Potter et du Seigneur des Anneaux. Une bonne id\u00e9e au premier coup d\u2019oeil, mais pourtant ces deux univers sont tr\u00e8s dangereux. C\u2019est pourquoi on te propose de savoir, en cinq questions seulement, dans quelle saga tu pourrais survivre.<\/strong><\/p>\n<p>Quel est ton bijou pr\u00e9f\u00e9r\u00e9 ?<\/p>\n<p>\t\t\t\t\t\t\t\t<img decoding=\"async\" src=\"https:\/\/www.europesays.com\/fr\/wp-content\/uploads\/2025\/08\/bague-galerie-bijou.jpg\" alt=\"Une bague\" width=\"150\" height=\"150\" loading=\"lazy\"\/><\/p>\n<p>\n\t\t\t\t\t\t\t\t\tUne bague\n\t\t\t\t\t\t\t\t<\/p>\n<p>\t\t\t\t\t\t\t\t<img decoding=\"async\" src=\"https:\/\/www.europesays.com\/fr\/wp-content\/uploads\/2025\/08\/boucle-doreille-galerie-bijou.jpg\" alt=\"Des boucles d'oreille\" width=\"150\" height=\"150\" loading=\"lazy\"\/><\/p>\n<p>\n\t\t\t\t\t\t\t\t\tDes boucles d&rsquo;oreille\n\t\t\t\t\t\t\t\t<\/p>\n<p>\t\t\t\t\t\t\t\t<img decoding=\"async\" src=\"https:\/\/www.europesays.com\/fr\/wp-content\/uploads\/2025\/08\/bracelet-galerie-bijou.jpg\" alt=\"Un bracelet\" width=\"150\" height=\"150\" loading=\"lazy\"\/><\/p>\n<p>\n\t\t\t\t\t\t\t\t\tUn bracelet\n\t\t\t\t\t\t\t\t<\/p>\n<p>\t\t\t\t\t\t\t\t<img decoding=\"async\" src=\"https:\/\/www.europesays.com\/fr\/wp-content\/uploads\/2025\/08\/collier-galerie-bijou.jpg\" alt=\"Un collier\" width=\"150\" height=\"150\" loading=\"lazy\"\/><\/p>\n<p>\n\t\t\t\t\t\t\t\t\tUn collier\n\t\t\t\t\t\t\t\t<\/p>\n<p>Quelle f\u00eate adores-tu ?<\/p>\n<p>\t\t\t\t\t\t\t\t<img decoding=\"async\" src=\"https:\/\/www.europesays.com\/fr\/wp-content\/uploads\/2025\/08\/sans-titre-44.jpg\" alt=\"No\u00ebl\" width=\"150\" height=\"150\" loading=\"lazy\"\/><\/p>\n<p>\n\t\t\t\t\t\t\t\t\tNo\u00ebl\n\t\t\t\t\t\t\t\t<\/p>\n<p>\t\t\t\t\t\t\t\t<img decoding=\"async\" src=\"https:\/\/www.europesays.com\/fr\/wp-content\/uploads\/2025\/08\/sans-titre-3.jpg\" alt=\"Halloween\" width=\"150\" height=\"150\" loading=\"lazy\"\/><\/p>\n<p>\n\t\t\t\t\t\t\t\t\tHalloween\n\t\t\t\t\t\t\t\t<\/p>\n<p>\t\t\t\t\t\t\t\t<img decoding=\"async\" src=\"https:\/\/www.europesays.com\/fr\/wp-content\/uploads\/2025\/08\/sans-titre-4.jpg\" alt=\"Ton anniversaire\" width=\"150\" height=\"150\" loading=\"lazy\"\/><\/p>\n<p>\n\t\t\t\t\t\t\t\t\tTon anniversaire\n\t\t\t\t\t\t\t\t<\/p>\n<p>\t\t\t\t\t\t\t\t<img decoding=\"async\" src=\"https:\/\/www.europesays.com\/fr\/wp-content\/uploads\/2025\/08\/sans-titre-5.jpg\" alt=\"Le Nouvel An\" width=\"150\" height=\"150\" loading=\"lazy\"\/><\/p>\n<p>\n\t\t\t\t\t\t\t\t\tLe Nouvel An\n\t\t\t\t\t\t\t\t<\/p>\n<p>Si tu \u00e9tais une cr\u00e9ature, tu serais&#8230;<\/p>\n<p>\t\t\t\t\t\t\t\t<img decoding=\"async\" src=\"https:\/\/www.europesays.com\/fr\/wp-content\/uploads\/2025\/08\/galerie-creature.jpg\" alt=\"Un loup-garou\" width=\"150\" height=\"150\" loading=\"lazy\"\/><\/p>\n<p>\n\t\t\t\t\t\t\t\t\tUn loup-garou\n\t\t\t\t\t\t\t\t<\/p>\n<p>\t\t\t\t\t\t\t\t<img decoding=\"async\" src=\"https:\/\/www.europesays.com\/fr\/wp-content\/uploads\/2025\/08\/darla-galerie-buffy-contre-les-vampires.jpg\" alt=\"Un vampire\" width=\"150\" height=\"150\" loading=\"lazy\"\/><\/p>\n<p>\n\t\t\t\t\t\t\t\t\tUn vampire\n\t\t\t\t\t\t\t\t<\/p>\n<p>\t\t\t\t\t\t\t\t<img decoding=\"async\" src=\"https:\/\/www.europesays.com\/fr\/wp-content\/uploads\/2025\/08\/licorne-galerie.jpg\" alt=\"Une licorne\" width=\"150\" height=\"150\" loading=\"lazy\"\/><\/p>\n<p>\n\t\t\t\t\t\t\t\t\tUne licorne\n\t\t\t\t\t\t\t\t<\/p>\n<p>\t\t\t\t\t\t\t\t<img decoding=\"async\" src=\"https:\/\/www.europesays.com\/fr\/wp-content\/uploads\/2025\/08\/drogon-rhaegal-dragons-daenerys-game-of-thrones-galerie.jpg\" alt=\"Un dragon\" width=\"150\" height=\"150\" loading=\"lazy\"\/><\/p>\n<p>\n\t\t\t\t\t\t\t\t\tUn dragon\n\t\t\t\t\t\t\t\t<\/p>\n<p>Tu peux lancer un sort, et une seule fois dans ta vie. Lequel choisirais-tu ?<\/p>\n<p>\t\t\t\t\t<img decoding=\"async\" src=\"https:\/\/www.europesays.com\/fr\/wp-content\/uploads\/2025\/08\/collage-sans-titre-44-min-1.jpg\" alt=\"\u00a9 CBS Paramount International\" width=\"400\" height=\"225\" loading=\"lazy\"\/><\/p>\n<p>\u00a9 CBS Paramount International<\/p>\n<p>\t\t\t\t\t\t\t\t\t\tCelui de rendre quelqu&rsquo;un amoureux de toi<\/p>\n<p>\t\t\t\t\t\t\t\t\t\tCelui de ressusciter quelqu&rsquo;un<\/p>\n<p>\t\t\t\t\t\t\t\t\t\tCelui de transformer quelqu&rsquo;un (ou toi-m\u00eame)<\/p>\n<p>Si tu \u00e9tais une couleur, tu serais&#8230;<\/p>\n<p class=\"o-quiz__result-title\">Tu survis dans Le Seigneur des Anneaux<\/p>\n<p>Mauvaise nouvelle, tu ne ferais pas long feu dans la saga Harry Potter. Mais la bonne est que tu irais tr\u00e8s loin dans l\u2019univers du Seigneur des Anneaux ! Pour toi, l\u2019anneau magique n\u2019est qu\u2019une simple formalit\u00e9, et Sauron n\u2019est pas un ennemi qui te fait peur. Bien au contraire\u2026<\/p>\n<p><a href=\"https:\/\/www.serieously.com\/films\/le-seigneur-des-anneaux\/\" target=\"_blank\" rel=\"noopener nofollow\" aria-label=\"\">Continue avec ces autres quiz sur Le Seigneur des Anneaux !\u00a0<\/a><\/p>\n<p>\t\t\t\t\t\t\t\t\t\t<img decoding=\"async\" src=\"https:\/\/www.europesays.com\/fr\/wp-content\/uploads\/2025\/06\/les-hobbits-dans-le-seigneur-des-anneaux.jpg\" alt=\"\" width=\"400\" height=\"225\" loading=\"lazy\"\/><\/p>\n<p>\t\tRecommencer le quiz<\/p>\n<p>\t\t\t<img decoding=\"async\" src=\"https:\/\/www.europesays.com\/fr\/wp-content\/uploads\/2025\/08\/1755370715_600_alexis-savona-serieously.jpg\" alt=\"Alexis Savona\" width=\"70\" height=\"70\" loading=\"lazy\"\/><\/p>\n<p class=\"m-user__name\">Alexis Savona<\/p>\n<p class=\"m-user__job\">R\u00e9dacteur en chef adjoint <\/p>\n<p class=\"m-user__description\">R\u00e9dacteur en chef adjoint chez Serieously, je suis un tr\u00e8s grand fan de films et s\u00e9ries depuis mon plus jeune \u00e2ge. J&rsquo;ai grandi avec Retour Vers le Futur, qui est aujourd&rsquo;hui mon film pr\u00e9f\u00e9r\u00e9, mais aussi les Disney et Jumanji. Je voue aussi une grande passion pour How I Met Your Mother.<\/p>\n<p>\n\t\t\t\t\t\t\t\t\t\t\t\t@alexisanovas<br \/>\n\t\t\t\t\t\t\t\t\t\t\t\t\t\t\t\t\t\t\tContacter<br \/>\n\t\t\t\t\t\tAlexis\n\t\t\t\t\t\t\t\t\t<\/p>\n<p>Lundi&rsquo;spensable<\/p>\n<p class=\"mt-4 mb-4 text-xl text-center\">Le meilleur de <\/p>\n<p> dans ta boite mail<\/p>\n","protected":false},"excerpt":{"rendered":"Accueil &gt; Quiz &gt; Le quiz ultime en 5 questions pour savoir si tu survis dans Harry Potter&hellip;\n","protected":false},"author":2,"featured_media":323440,"comment_status":"","ping_status":"","sticky":false,"template":"","format":"standard","meta":{"footnotes":""},"categories":[1354],"tags":[58,59,1346,1011,27,1360],"class_list":{"0":"post-323439","1":"post","2":"type-post","3":"status-publish","4":"format-standard","5":"has-post-thumbnail","7":"category-films","8":"tag-divertissement","9":"tag-entertainment","10":"tag-films","11":"tag-fr","12":"tag-france","13":"tag-movies"},"share_on_mastodon":{"url":"https:\/\/pubeurope.com\/@fr\/115039983776684404","error":""},"_links":{"self":[{"href":"https:\/\/www.europesays.com\/fr\/wp-json\/wp\/v2\/posts\/323439","targetHints":{"allow":["GET"]}}],"collection":[{"href":"https:\/\/www.europesays.com\/fr\/wp-json\/wp\/v2\/posts"}],"about":[{"href":"https:\/\/www.europesays.com\/fr\/wp-json\/wp\/v2\/types\/post"}],"author":[{"embeddable":true,"href":"https:\/\/www.europesays.com\/fr\/wp-json\/wp\/v2\/users\/2"}],"replies":[{"embeddable":true,"href":"https:\/\/www.europesays.com\/fr\/wp-json\/wp\/v2\/comments?post=323439"}],"version-history":[{"count":0,"href":"https:\/\/www.europesays.com\/fr\/wp-json\/wp\/v2\/posts\/323439\/revisions"}],"wp:featuredmedia":[{"embeddable":true,"href":"https:\/\/www.europesays.com\/fr\/wp-json\/wp\/v2\/media\/323440"}],"wp:attachment":[{"href":"https:\/\/www.europesays.com\/fr\/wp-json\/wp\/v2\/media?parent=323439"}],"wp:term":[{"taxonomy":"category","embeddable":true,"href":"https:\/\/www.europesays.com\/fr\/wp-json\/wp\/v2\/categories?post=323439"},{"taxonomy":"post_tag","embeddable":true,"href":"https:\/\/www.europesays.com\/fr\/wp-json\/wp\/v2\/tags?post=323439"}],"curies":[{"name":"wp","href":"https:\/\/api.w.org\/{rel}","templated":true}]}}