{"id":323441,"date":"2025-08-16T18:59:10","date_gmt":"2025-08-16T18:59:10","guid":{"rendered":"https:\/\/www.europesays.com\/fr\/323441\/"},"modified":"2025-08-16T18:59:10","modified_gmt":"2025-08-16T18:59:10","slug":"la-nouvelle-puce-cerebrale-delon-musk-vient-de-faire-un-nouveau-miracle","status":"publish","type":"post","link":"https:\/\/www.europesays.com\/fr\/323441\/","title":{"rendered":"La nouvelle puce c\u00e9r\u00e9brale d&rsquo;Elon Musk vient de faire un nouveau miracle"},"content":{"rendered":"<p data-start=\"122\" data-end=\"512\"><strong>Elle n\u2019avait pas pu<br \/>\n\u00e9crire son propre nom depuis deux d\u00e9cennies. Audrey Crews,<br \/>\naujourd\u2019hui quadrag\u00e9naire, vient pourtant de le faire \u00e0 nouveau \u2014<br \/>\nnon pas avec sa main, mais uniquement par la pens\u00e9e. Cette<br \/>\nprouesse, rendue possible par un implant c\u00e9r\u00e9bral d\u00e9velopp\u00e9 par<br \/>\nNeuralink, incarne l\u2019\u00e9mergence concr\u00e8te d\u2019une nouvelle \u00e8re : celle<br \/>\nde la fusion entre le <a href=\"https:\/\/sciencepost.fr\/selon-cette-etude-le-cerveau-humain-ressemble-plus-au-testicule-qua-tout-autre-organe\/\" target=\"_blank\" rel=\"noopener nofollow\">cerveau humain<\/a> et la<br \/>\nmachine.<\/strong><\/p>\n<p>Une premi\u00e8re mondiale au<br \/>\ncroisement du handicap et de la haute technologie<\/p>\n<p data-start=\"599\" data-end=\"1026\">Audrey Crews a perdu l\u2019usage de<br \/>\nses membres \u00e0 l\u2019adolescence, \u00e0 la suite d\u2019un accident qui l\u2019a<br \/>\nlaiss\u00e9e paralys\u00e9e. Vingt ans plus tard, elle devient la premi\u00e8re<br \/>\nfemme au monde \u00e0 tester l\u2019implant c\u00e9r\u00e9bral de Neuralink dans le<br \/>\ncadre de l\u2019essai clinique PRIME. Le dispositif, baptis\u00e9 \u00ab N1<br \/>\nTelepathy \u00bb, vise \u00e0 permettre aux personnes souffrant de handicaps<br \/>\nmoteurs de contr\u00f4ler des interfaces num\u00e9riques simplement par la<br \/>\npens\u00e9e.<\/p>\n<p data-start=\"1028\" data-end=\"1528\">Lors de sa premi\u00e8re<br \/>\nutilisation publique, Audrey a r\u00e9ussi \u00e0 tracer son pr\u00e9nom sur un<br \/>\n\u00e9cran d\u2019ordinateur portable. Un geste simple en apparence, mais qui<br \/>\nn\u2019avait plus \u00e9t\u00e9 possible pour elle depuis deux d\u00e9cennies. Cette<br \/>\nd\u00e9monstration a \u00e9t\u00e9 partag\u00e9e sur les r\u00e9seaux sociaux, suscitant des<br \/>\nmillions de vues et une vague d\u2019\u00e9motion. Elon Musk, fondateur de<br \/>\nNeuralink, a lui-m\u00eame <a href=\"https:\/\/t.co\/5XnOaLfJU7\" target=\"_blank\" rel=\"noopener nofollow\">salu\u00e9<\/a> cet exploit : \u00ab Elle contr\u00f4le<br \/>\nson ordinateur simplement par la pens\u00e9e. La plupart des gens<br \/>\nignorent que c\u2019est possible. \u00bb<\/p>\n<p>Une op\u00e9ration c\u00e9r\u00e9brale aussi<br \/>\npr\u00e9cise que risqu\u00e9e<\/p>\n<p data-start=\"1590\" data-end=\"2036\">Le fonctionnement de l\u2019implant<br \/>\nrepose sur une connexion directe avec le cortex moteur, la zone du<br \/>\ncerveau impliqu\u00e9e dans le contr\u00f4le des mouvements volontaires. Pour<br \/>\nl\u2019installer, les chirurgiens ont perc\u00e9 un orifice dans le cr\u00e2ne<br \/>\nd\u2019Audrey et y ont ins\u00e9r\u00e9 128 \u00e9lectrodes ultra-fines, directement<br \/>\nreli\u00e9es \u00e0 la puce N1. L\u2019implant, de la taille d\u2019une pi\u00e8ce de<br \/>\nmonnaie, capte ensuite les signaux neuronaux pour les transmettre \u00e0<br \/>\nun ordinateur.<\/p>\n<p data-start=\"2038\" data-end=\"2492\">Selon Audrey, l\u2019op\u00e9ration<br \/>\ns\u2019est d\u00e9roul\u00e9e sans complication majeure. Elle a salu\u00e9 la<br \/>\nbienveillance du personnel m\u00e9dical du centre hospitalier de<br \/>\nl\u2019Universit\u00e9 de Miami, o\u00f9 l\u2019intervention a eu lieu. Elle insiste<br \/>\nn\u00e9anmoins sur un point essentiel : cet implant ne rend pas la<br \/>\nmobilit\u00e9 physique, mais permet de retrouver une forme d\u2019interaction<br \/>\navec le monde num\u00e9rique. Une sorte de \u00ab t\u00e9l\u00e9pathie assist\u00e9e \u00bb \u2014<br \/>\nconcept autrefois r\u00e9serv\u00e9 \u00e0 la science-fiction.<\/p>\n<blockquote class=\"twitter-tweet\" data-width=\"550\" data-dnt=\"true\">\n<p lang=\"en\" dir=\"ltr\">I tried writing my name for the first time<br \/>\nin 20 years. Im working on it. Lol <a href=\"https:\/\/twitter.com\/hashtag\/Neuralink?src=hash&amp;ref_src=twsrc%5Etfw\" rel=\"nofollow noopener\" target=\"_blank\"><br \/>\n#Neuralink<\/a> <a href=\"https:\/\/t.co\/xzPBam5mAS\" rel=\"nofollow\">pic.twitter.com\/xzPBam5mAS<\/a><\/p>\n<p>\u2014 Audrey Crews (@NeuraNova9) <a href=\"https:\/\/twitter.com\/NeuraNova9\/status\/1949252377145708931?ref_src=twsrc%5Etfw\" rel=\"nofollow noopener\" target=\"_blank\"><br \/>\nJuly 26, 2025<\/a><\/p>\n<\/blockquote>\n<p>  Une autonomie num\u00e9rique<br \/>\nretrouv\u00e9e<\/p>\n<p data-start=\"2538\" data-end=\"2977\">Audrey n\u2019est pas la seule \u00e0<br \/>\navoir b\u00e9n\u00e9fici\u00e9 de cette technologie exp\u00e9rimentale. Nick Wray, un<br \/>\nautre volontaire, a lui aussi partag\u00e9 son t\u00e9moignage apr\u00e8s<br \/>\nl\u2019activation de son implant. Atteint de scl\u00e9rose lat\u00e9rale<br \/>\namyotrophique (SLA), il explique avoir retrouv\u00e9 une autonomie<br \/>\nnum\u00e9rique in\u00e9dite depuis des ann\u00e9es. Pour lui, la participation \u00e0<br \/>\ncette \u00e9tude n\u2019est pas seulement un espoir personnel, mais une<br \/>\ncontribution au progr\u00e8s collectif.<\/p>\n<p data-start=\"2979\" data-end=\"3391\">Ces premiers cas d\u2019utilisation<br \/>\nsugg\u00e8rent que la technologie est capable de traduire les intentions<br \/>\nc\u00e9r\u00e9brales en actions informatiques concr\u00e8tes, comme d\u00e9placer un<br \/>\ncurseur, cliquer, ou m\u00eame taper du texte. Si les interfaces restent<br \/>\nrudimentaires \u00e0 ce stade, les perspectives d\u2019\u00e9volution sont vastes<br \/>\n: \u00e9criture, navigation web, pilotage de proth\u00e8ses, ou m\u00eame<br \/>\ncommunication directe entre cerveaux \u00e0 long terme.<\/p>\n<p>Un tournant technologique aux<br \/>\nenjeux \u00e9thiques majeurs<\/p>\n<p data-start=\"3457\" data-end=\"3925\">L\u2019ambition de Neuralink est<br \/>\nclaire : reconnecter les cerveaux isol\u00e9s par la maladie ou<br \/>\nl\u2019accident, mais aussi, \u00e0 plus long terme, cr\u00e9er une interface<br \/>\nfluide entre l\u2019humain et l\u2019intelligence artificielle. Ces objectifs<br \/>\nsuscitent autant d\u2019enthousiasme que de prudence. L\u2019implantation<br \/>\nd\u2019\u00e9lectrodes dans le cerveau soul\u00e8ve des questions cruciales sur la<br \/>\ns\u00e9curit\u00e9, la fiabilit\u00e9 \u00e0 long terme, le traitement des donn\u00e9es<br \/>\nc\u00e9r\u00e9brales et l\u2019acc\u00e8s \u00e9quitable \u00e0 ces technologies.<\/p>\n<p data-start=\"3927\" data-end=\"4276\" data-is-last-node=\"\" data-is-only-node=\"\">En attendant, Audrey Crews symbolise une<br \/>\npremi\u00e8re r\u00e9ponse tangible \u00e0 une promesse technologique audacieuse.<br \/>\nSon geste \u2014 \u00e9crire un pr\u00e9nom oubli\u00e9 depuis vingt ans \u2014 marque<br \/>\npeut-\u00eatre le d\u00e9but d\u2019un nouveau langage entre l\u2019humain et la<br \/>\nmachine. Un langage fait non pas de mots, mais d\u2019ondes \u00e9lectriques,<br \/>\nd\u2019intentions mentales et d\u2019un espoir retrouv\u00e9.<\/p>\n<p><script async src=\"https:\/\/platform.twitter.com\/widgets.js\" charset=\"utf-8\"><\/script><\/p>\n","protected":false},"excerpt":{"rendered":"Elle n\u2019avait pas pu \u00e9crire son propre nom depuis deux d\u00e9cennies. Audrey Crews, aujourd\u2019hui quadrag\u00e9naire, vient pourtant de&hellip;\n","protected":false},"author":2,"featured_media":323442,"comment_status":"","ping_status":"","sticky":false,"template":"","format":"standard","meta":{"footnotes":""},"categories":[10],"tags":[1011,27,72,71],"class_list":{"0":"post-323441","1":"post","2":"type-post","3":"status-publish","4":"format-standard","5":"has-post-thumbnail","7":"category-sante","8":"tag-fr","9":"tag-france","10":"tag-health","11":"tag-sante"},"share_on_mastodon":{"url":"https:\/\/pubeurope.com\/@fr\/115039985061535332","error":""},"_links":{"self":[{"href":"https:\/\/www.europesays.com\/fr\/wp-json\/wp\/v2\/posts\/323441","targetHints":{"allow":["GET"]}}],"collection":[{"href":"https:\/\/www.europesays.com\/fr\/wp-json\/wp\/v2\/posts"}],"about":[{"href":"https:\/\/www.europesays.com\/fr\/wp-json\/wp\/v2\/types\/post"}],"author":[{"embeddable":true,"href":"https:\/\/www.europesays.com\/fr\/wp-json\/wp\/v2\/users\/2"}],"replies":[{"embeddable":true,"href":"https:\/\/www.europesays.com\/fr\/wp-json\/wp\/v2\/comments?post=323441"}],"version-history":[{"count":0,"href":"https:\/\/www.europesays.com\/fr\/wp-json\/wp\/v2\/posts\/323441\/revisions"}],"wp:featuredmedia":[{"embeddable":true,"href":"https:\/\/www.europesays.com\/fr\/wp-json\/wp\/v2\/media\/323442"}],"wp:attachment":[{"href":"https:\/\/www.europesays.com\/fr\/wp-json\/wp\/v2\/media?parent=323441"}],"wp:term":[{"taxonomy":"category","embeddable":true,"href":"https:\/\/www.europesays.com\/fr\/wp-json\/wp\/v2\/categories?post=323441"},{"taxonomy":"post_tag","embeddable":true,"href":"https:\/\/www.europesays.com\/fr\/wp-json\/wp\/v2\/tags?post=323441"}],"curies":[{"name":"wp","href":"https:\/\/api.w.org\/{rel}","templated":true}]}}