{"id":323451,"date":"2025-08-16T19:04:15","date_gmt":"2025-08-16T19:04:15","guid":{"rendered":"https:\/\/www.europesays.com\/fr\/323451\/"},"modified":"2025-08-16T19:04:15","modified_gmt":"2025-08-16T19:04:15","slug":"la-diplomatie-francaise-denonce-des-accusations-sans-fondement","status":"publish","type":"post","link":"https:\/\/www.europesays.com\/fr\/323451\/","title":{"rendered":"la diplomatie fran\u00e7aise d\u00e9nonce des \u00abaccusations sans fondement\u00bb"},"content":{"rendered":"<p>\u00abUn dialogue est en cours afin de dissiper tout malentendu\u00bb et obtenir la \u00ablib\u00e9ration sans d\u00e9lai\u00bb de ce membre de l\u2019ambassade de France \u00e0 Bamako, a pr\u00e9cis\u00e9 le minist\u00e8re fran\u00e7ais des affaires \u00e9trang\u00e8res.<\/p>\n<p class=\"fig-paragraph\">Le Fran\u00e7ais\u00a0<a href=\"http:\/\/www.lefigaro.fr\/international\/un-francais-arrete-au-mali-sur-fond-de-purge-au-sein-de-l-armee-20250815\" data-fig-type=\"Article\" data-gtm-custom-categorie=\"navigation\" data-gtm-custom-action=\"crossclick\" data-gtm-custom-label=\"Contextuel\" data-gtm-event=\"customEventSPE\" data-fig-domain=\"LEFIGARO\" target=\"_blank\" rel=\"noopener\">arr\u00eat\u00e9 au Mali\u00a0<\/a>et accus\u00e9 d&rsquo;avoir particip\u00e9 \u00e0 une tentative de d\u00e9stabilisation des institutions est l&rsquo;objet d&rsquo;\u00abaccusations sans fondement\u00bb, a assur\u00e9 samedi le minist\u00e8re fran\u00e7ais des Affaires \u00e9trang\u00e8res. \u00abUn dialogue est en cours (avec les autorit\u00e9s maliennes) afin de dissiper tout malentendu\u00bb et obtenir la \u00ablib\u00e9ration sans d\u00e9lai\u00bb de ce membre de l&rsquo;ambassade de France \u00e0 Bamako, ajoute le minist\u00e8re.<\/p>\n<p class=\"fig-paragraph\">Les autorit\u00e9s maliennes ont annonc\u00e9 jeudi l&rsquo;arrestation d&rsquo;un ressortissant fran\u00e7ais pr\u00e9sent\u00e9 comme travaillant pour le \u00abservice de renseignement fran\u00e7ais\u00bb. La junte au pouvoir au Mali a accus\u00e9 des \u00ab\u00c9tats \u00e9trangers\u00bb d&rsquo;\u00eatre derri\u00e8re une tentative de d\u00e9stabilisation, men\u00e9e par \u00abun groupuscule d&rsquo;\u00e9l\u00e9ments marginaux des forces arm\u00e9es de s\u00e9curit\u00e9 malienne\u00bb.<\/p>\n<p>                                    <a class=\"fig-a11y-skip a11y-hidden\" href=\"#fig-a11y-skip-main-inarticle\"><br \/>\n        Passer la publicit\u00e9<br \/>\n    <\/a><\/p>\n<p class=\"fig-paragraph\">La junte dirig\u00e9e par le pr\u00e9sident Assimi Go\u00efta, arriv\u00e9e au pouvoir apr\u00e8s deux coups d&rsquo;\u00c9tat en 2020 et 2021, s&rsquo;est d\u00e9tourn\u00e9e des partenaires occidentaux, notamment l&rsquo;ancien colonisateur fran\u00e7ais, pour se tourner politiquement et militairement vers la Russie.<\/p>\n<p class=\"fig-paragraph\">Le minist\u00e8re fran\u00e7ais des Affaires \u00e9trang\u00e8res souligne de son c\u00f4t\u00e9 que le Fran\u00e7ais arr\u00eat\u00e9 b\u00e9n\u00e9ficie du \u00abstatut de la convention de Vienne r\u00e9gissant les relations diplomatiques\u00bb, et demande sa lib\u00e9ration \u00aben application de cette convention\u00bb.<\/p>\n","protected":false},"excerpt":{"rendered":"\u00abUn dialogue est en cours afin de dissiper tout malentendu\u00bb et obtenir la \u00ablib\u00e9ration sans d\u00e9lai\u00bb de ce&hellip;\n","protected":false},"author":2,"featured_media":323452,"comment_status":"","ping_status":"","sticky":false,"template":"","format":"standard","meta":{"footnotes":""},"categories":[5],"tags":[1111,47,11,1109,1112,118,1108,107,1106,1107,1011,27,1110,1114,14,12,1113,316,28],"class_list":{"0":"post-323451","1":"post","2":"type-post","3":"status-publish","4":"format-standard","5":"has-post-thumbnail","7":"category-international","8":"tag-actu","9":"tag-actualite","10":"tag-actualites","11":"tag-breves","12":"tag-depeches","13":"tag-faits-divers","14":"tag-fil","15":"tag-fil-info","16":"tag-flash","17":"tag-flash-actu","18":"tag-fr","19":"tag-france","20":"tag-informations","21":"tag-infos","22":"tag-international","23":"tag-news","24":"tag-nouvelles","25":"tag-politique","26":"tag-world"},"share_on_mastodon":{"url":"https:\/\/pubeurope.com\/@fr\/115040004704397412","error":""},"_links":{"self":[{"href":"https:\/\/www.europesays.com\/fr\/wp-json\/wp\/v2\/posts\/323451","targetHints":{"allow":["GET"]}}],"collection":[{"href":"https:\/\/www.europesays.com\/fr\/wp-json\/wp\/v2\/posts"}],"about":[{"href":"https:\/\/www.europesays.com\/fr\/wp-json\/wp\/v2\/types\/post"}],"author":[{"embeddable":true,"href":"https:\/\/www.europesays.com\/fr\/wp-json\/wp\/v2\/users\/2"}],"replies":[{"embeddable":true,"href":"https:\/\/www.europesays.com\/fr\/wp-json\/wp\/v2\/comments?post=323451"}],"version-history":[{"count":0,"href":"https:\/\/www.europesays.com\/fr\/wp-json\/wp\/v2\/posts\/323451\/revisions"}],"wp:featuredmedia":[{"embeddable":true,"href":"https:\/\/www.europesays.com\/fr\/wp-json\/wp\/v2\/media\/323452"}],"wp:attachment":[{"href":"https:\/\/www.europesays.com\/fr\/wp-json\/wp\/v2\/media?parent=323451"}],"wp:term":[{"taxonomy":"category","embeddable":true,"href":"https:\/\/www.europesays.com\/fr\/wp-json\/wp\/v2\/categories?post=323451"},{"taxonomy":"post_tag","embeddable":true,"href":"https:\/\/www.europesays.com\/fr\/wp-json\/wp\/v2\/tags?post=323451"}],"curies":[{"name":"wp","href":"https:\/\/api.w.org\/{rel}","templated":true}]}}