{"id":323466,"date":"2025-08-16T19:25:22","date_gmt":"2025-08-16T19:25:22","guid":{"rendered":"https:\/\/www.europesays.com\/fr\/323466\/"},"modified":"2025-08-16T19:25:22","modified_gmt":"2025-08-16T19:25:22","slug":"une-visite-pour-decouvrir-les-amours-grenobloises-le-30-aout","status":"publish","type":"post","link":"https:\/\/www.europesays.com\/fr\/323466\/","title":{"rendered":"Une visite pour d\u00e9couvrir les amours grenobloises le 30\u00a0ao\u00fbt"},"content":{"rendered":"<p>Amour fou, impossible, tragique\u00a0: pr\u00e9parez-vous \u00e0 un tourbillon de sentiments dans cette visite retra\u00e7ant les plus belles histoires d\u2019amour de Grenoble. Lesdigui\u00e8res et Vignon, Stendhal et Kubly, Agutte et Sembat\u2026 Autant d\u2019amoureux qui vous emm\u00e8neront explorer les lieux les plus romantiques du centre-ville.<\/p>\n<p class=\"note\">Samedi 30\u00a0ao\u00fbt de 10h30 \u00e0 12 heures au d\u00e9part de l\u2019office de tourisme. Tarif\u00a0: 6\/9\u20ac.<\/p>\n","protected":false},"excerpt":{"rendered":"Amour fou, impossible, tragique\u00a0: pr\u00e9parez-vous \u00e0 un tourbillon de sentiments dans cette visite retra\u00e7ant les plus belles histoires&hellip;\n","protected":false},"author":2,"featured_media":323467,"comment_status":"","ping_status":"","sticky":false,"template":"","format":"standard","meta":{"footnotes":""},"categories":[9566],"tags":[1111,11,2430,1687,112,1777,674,1011,27,2731,2732,12,25],"class_list":{"0":"post-323466","1":"post","2":"type-post","3":"status-publish","4":"format-standard","5":"has-post-thumbnail","7":"category-grenoble","8":"tag-actu","9":"tag-actualites","10":"tag-auvergne-rhone-alpes","11":"tag-culture-loisirs","12":"tag-edition-grenoble-agglomeration","13":"tag-eu","14":"tag-europe","15":"tag-fr","16":"tag-france","17":"tag-grenoble","18":"tag-grenoble-bassin","19":"tag-news","20":"tag-republique-francaise"},"share_on_mastodon":{"url":"https:\/\/pubeurope.com\/@fr\/115040087127974474","error":""},"_links":{"self":[{"href":"https:\/\/www.europesays.com\/fr\/wp-json\/wp\/v2\/posts\/323466","targetHints":{"allow":["GET"]}}],"collection":[{"href":"https:\/\/www.europesays.com\/fr\/wp-json\/wp\/v2\/posts"}],"about":[{"href":"https:\/\/www.europesays.com\/fr\/wp-json\/wp\/v2\/types\/post"}],"author":[{"embeddable":true,"href":"https:\/\/www.europesays.com\/fr\/wp-json\/wp\/v2\/users\/2"}],"replies":[{"embeddable":true,"href":"https:\/\/www.europesays.com\/fr\/wp-json\/wp\/v2\/comments?post=323466"}],"version-history":[{"count":0,"href":"https:\/\/www.europesays.com\/fr\/wp-json\/wp\/v2\/posts\/323466\/revisions"}],"wp:featuredmedia":[{"embeddable":true,"href":"https:\/\/www.europesays.com\/fr\/wp-json\/wp\/v2\/media\/323467"}],"wp:attachment":[{"href":"https:\/\/www.europesays.com\/fr\/wp-json\/wp\/v2\/media?parent=323466"}],"wp:term":[{"taxonomy":"category","embeddable":true,"href":"https:\/\/www.europesays.com\/fr\/wp-json\/wp\/v2\/categories?post=323466"},{"taxonomy":"post_tag","embeddable":true,"href":"https:\/\/www.europesays.com\/fr\/wp-json\/wp\/v2\/tags?post=323466"}],"curies":[{"name":"wp","href":"https:\/\/api.w.org\/{rel}","templated":true}]}}