{"id":323468,"date":"2025-08-16T19:27:33","date_gmt":"2025-08-16T19:27:33","guid":{"rendered":"https:\/\/www.europesays.com\/fr\/323468\/"},"modified":"2025-08-16T19:27:33","modified_gmt":"2025-08-16T19:27:33","slug":"lessentiel-du-sport-dans-nos-regions-un-fcg-encourageant-les-ressources-du-gf38-le-fc-annecy-commence-son-periple-loin-du-parc-des-sports-les-infos-du-samedi-16-aout","status":"publish","type":"post","link":"https:\/\/www.europesays.com\/fr\/323468\/","title":{"rendered":"L&rsquo;essentiel du sport dans nos r\u00e9gions Un FCG encourageant, les ressources du GF38, le FC Annecy commence son p\u00e9riple loin du Parc des Sports&#8230; Les infos du samedi 16 ao\u00fbt"},"content":{"rendered":"<p>En d\u00e9placement \u00e0 Aurillac pour son seul et unique match de pr\u00e9paration avant la Pro D2, le FCG a livr\u00e9 une prestation encourageante\u00a0; pour leur premi\u00e8re au Stade des Alpes, les hommes de Franck Rizzetto sont all\u00e9s chercher un match nul face \u00e0 Laval\u00a0; les Haut-Savoyards, priv\u00e9s de leur stade pour cause de travaux, accueillent ce samedi Dunkerque \u00e0 Dijon&#8230; Voici l&rsquo;essentiel de l&rsquo;actualit\u00e9 sportive dans nos r\u00e9gions de ce samedi 16 ao\u00fbt.<\/p>\n","protected":false},"excerpt":{"rendered":"En d\u00e9placement \u00e0 Aurillac pour son seul et unique match de pr\u00e9paration avant la Pro D2, le FCG&hellip;\n","protected":false},"author":2,"featured_media":323469,"comment_status":"","ping_status":"","sticky":false,"template":"","format":"standard","meta":{"footnotes":""},"categories":[9566],"tags":[1111,11,2430,1777,674,1701,1011,27,5325,2798,9540,2731,6225,12,25,517],"class_list":{"0":"post-323468","1":"post","2":"type-post","3":"status-publish","4":"format-standard","5":"has-post-thumbnail","7":"category-grenoble","8":"tag-actu","9":"tag-actualites","10":"tag-auvergne-rhone-alpes","11":"tag-eu","12":"tag-europe","13":"tag-fil-info-sport","14":"tag-fr","15":"tag-france","16":"tag-galerie-media","17":"tag-galerie-photo","18":"tag-galerie-sport","19":"tag-grenoble","20":"tag-la-matinale","21":"tag-news","22":"tag-republique-francaise","23":"tag-sport"},"share_on_mastodon":{"url":"https:\/\/pubeurope.com\/@fr\/115040095144539592","error":""},"_links":{"self":[{"href":"https:\/\/www.europesays.com\/fr\/wp-json\/wp\/v2\/posts\/323468","targetHints":{"allow":["GET"]}}],"collection":[{"href":"https:\/\/www.europesays.com\/fr\/wp-json\/wp\/v2\/posts"}],"about":[{"href":"https:\/\/www.europesays.com\/fr\/wp-json\/wp\/v2\/types\/post"}],"author":[{"embeddable":true,"href":"https:\/\/www.europesays.com\/fr\/wp-json\/wp\/v2\/users\/2"}],"replies":[{"embeddable":true,"href":"https:\/\/www.europesays.com\/fr\/wp-json\/wp\/v2\/comments?post=323468"}],"version-history":[{"count":0,"href":"https:\/\/www.europesays.com\/fr\/wp-json\/wp\/v2\/posts\/323468\/revisions"}],"wp:featuredmedia":[{"embeddable":true,"href":"https:\/\/www.europesays.com\/fr\/wp-json\/wp\/v2\/media\/323469"}],"wp:attachment":[{"href":"https:\/\/www.europesays.com\/fr\/wp-json\/wp\/v2\/media?parent=323468"}],"wp:term":[{"taxonomy":"category","embeddable":true,"href":"https:\/\/www.europesays.com\/fr\/wp-json\/wp\/v2\/categories?post=323468"},{"taxonomy":"post_tag","embeddable":true,"href":"https:\/\/www.europesays.com\/fr\/wp-json\/wp\/v2\/tags?post=323468"}],"curies":[{"name":"wp","href":"https:\/\/api.w.org\/{rel}","templated":true}]}}