{"id":323470,"date":"2025-08-16T19:28:13","date_gmt":"2025-08-16T19:28:13","guid":{"rendered":"https:\/\/www.europesays.com\/fr\/323470\/"},"modified":"2025-08-16T19:28:13","modified_gmt":"2025-08-16T19:28:13","slug":"zac-thorigne-fouillard-retoque-du-marche-public-pour-offre-anormalement-basse-alter1fo","status":"publish","type":"post","link":"https:\/\/www.europesays.com\/fr\/323470\/","title":{"rendered":"[ZAC Thorign\u00e9-Fouillard] Retoqu\u00e9 du march\u00e9 public pour offre \u00ab anormalement basse \u00bb \u2013 Alter1fo"},"content":{"rendered":"<p class=\"dark-gray \" style=\"text-align: justify;\">Sous l\u2019effet conjugu\u00e9 du d\u00e9sengagement de l\u2019\u00c9tat et des efforts suppl\u00e9mentaires impos\u00e9s par la derni\u00e8re loi de finances, les collectivit\u00e9s locales voient leurs marges budg\u00e9taires fondre comme neige au soleil caniculaire. Face \u00e0 cette \u00e9quation de plus en plus intenable, chacune scrute d\u00e9sormais ses d\u00e9penses \u00e0 la loupe, quitte \u00e0 proc\u00e9der \u00e0 des coupes franches. Cons\u00e9quence \u00e0 Rennes, la M\u00e9tropole a serr\u00e9 la vis en juin dernier et a fait le choix de baisser ses d\u00e9penses de <a href=\"https:\/\/ici.rennes.fr\/actualites\/2025-06-20-rennes-metropole-ajuste-son-budget-2025\/\" target=\"_blank\" rel=\"noopener nofollow\">fonctionnement de pr\u00e8s de 3 M\u20ac et d\u2019investissement de 13 M\u20ac<\/a>. Ambiance.<br \/>Dans ce climat o\u00f9 chaque euro compte, on pourrait trouver absurde qu\u2019une offre publique soit retoqu\u00e9e parce qu\u2019elle est jug\u00e9e\u2026 \u00ab Trop basse \u00bb. Et pourtant, c\u2019est la r\u00e8gle : le code de la commande publique interdit de retenir une proposition anormalement sous-\u00e9valu\u00e9e, au risque de voir le chantier partir en vrille. Un principe de pr\u00e9caution pas si th\u00e9orique que \u00e7a dans une ville o\u00f9 les retards et gal\u00e8res de nombreux chantiers restent dans les m\u00e9moires : de la <a href=\"https:\/\/www.ouest-france.fr\/societe\/justice\/retard-des-travaux-de-lantipode-le-groupe-de-btp-rougeault-reclame-10-millions-a-rennes-metropole-5ac1f57c-20f5-11f0-9187-08ecd206ee97\" target=\"_blank\" rel=\"noopener nofollow\">salle de l\u2019Antipode \u00e0<\/a> <a href=\"https:\/\/actu.fr\/bretagne\/rennes_35238\/ligne-b-du-metro-a-rennes-pourquoi-c-etait-si-long-retour-sur-10-dates-cles_53846267.html\" target=\"_blank\" rel=\"noopener nofollow\">la ligne B du m\u00e9tro<\/a>, de l\u2019<a href=\"https:\/\/www.ouest-france.fr\/bretagne\/rennes-35000\/en-chantier-lusine-dincineration-a-rennes-ne-sera-pas-prete-en-2024-b25ad3ca-a01e-11ee-9839-768f8ee105c7\" target=\"_blank\" rel=\"noopener nofollow\">Usine de Valorisation \u00c9nerg\u00e9tique de Villejean \u00e0<\/a> l\u2019<a href=\"https:\/\/www.20minutes.fr\/rennes\/3292843-20220518-rennes-ecole-courrouze-enfin-prete-apres-dix-ans-galeres\" target=\"_blank\" rel=\"noopener nofollow\">\u00e9cole de La Courrouze<\/a>, etc.<\/p>\n<p><img fetchpriority=\"high\" decoding=\"async\" class=\"size-large wp-image-148546\" src=\"https:\/\/www.europesays.com\/fr\/wp-content\/uploads\/2025\/08\/tize-700x488.jpg\" alt=\"Plan de composition envisag\u00e9 de la ZAC Porte de Tiz\u00e9\" width=\"640\" height=\"446\"  \/>Plan de composition envisag\u00e9 de la ZAC Porte de Tiz\u00e9<\/p>\n<p style=\"text-align: justify;\">Le projet \u00ab Porte de Tiz\u00e9 \u00bb, pilot\u00e9 par Rennes M\u00e9tropole, est un projet de d\u00e9veloppement urbain, qui consiste \u00e0 r\u00e9aliser une zone d\u2019activit\u00e9 sur un p\u00e9rim\u00e8tre op\u00e9rationnel de pr\u00e8s de 25 hectares, sous forme d\u2019une zone d\u2019am\u00e9nagement \u00e0 Thorign\u00e9-Fouillard. \u00ab <strong>Ce sera sans doute la derni\u00e8re extension industrielle et artisanale intra-rocade et 100 % sur le territoire de la commune.<\/strong> \u00bb, <a href=\"https:\/\/www.ouest-france.fr\/bretagne\/thorigne-fouillard-35235\/une-trentaine-dentrepreneurs-echangent-sur-la-commune-de-demain-a-thorigne-fouillard-fed7f822-62e8-11ee-baff-05c4272f4825\" target=\"_blank\" rel=\"noopener nofollow\">indiquait Ga\u00ebl Lefeuvre, maire de ladite commune. <\/a>R\u00e9cemment, ce projet vient de conna\u00eetre un \u00e9pisode judiciaire assez original. En cause : <a href=\"https:\/\/www.marchesonline.com\/appels-offres\/avis\/thorigne-fouillard-zac-porte-de-tize-travaux\/ao-9389101-1\" target=\"_blank\" rel=\"noopener nofollow\">l\u2019attribution du lot n\u00b02<\/a>, consacr\u00e9 \u00e0 l\u2019assainissement des eaux us\u00e9es.<\/p>\n<p style=\"text-align: justify;\">En effet, une soci\u00e9t\u00e9 de travaux publics, bas\u00e9e \u00e0 Bourgbarr\u00e9, a d\u00e9pos\u00e9 une offre face \u00e0 six autres entreprises. Mais sa proposition, d\u2019un montant autour de 600 000 \u20ac HT, a \u00e9t\u00e9 jug\u00e9e \u00ab <strong>anormalement basse<\/strong> \u00bb par Rennes M\u00e9tropole, car bien en dessous de l\u2019estimation du ma\u00eetre d\u2019ouvrage \u00e9quivalente \u00e0 864 242 \u20ac (soit plus de 30 % inf\u00e9rieure), et de la moyenne pond\u00e9r\u00e9e des autres offres valables re\u00e7ues \u00e9quivalente \u00e0 856 415 \u20ac (soit pr\u00e8s de 25 % inf\u00e9rieure).<\/p>\n<p style=\"text-align: justify;\">Invit\u00e9e en cons\u00e9quence \u00e0 fournir des justifications techniques sur le niveau global de son offre, l\u2019entreprise a mis en avant des conditions exceptionnellement favorables dont elle b\u00e9n\u00e9ficierait pour ex\u00e9cuter les travaux, li\u00e9es \u00e0 l\u2019utilisation de ses propres engins et mat\u00e9riels de chantier, \u00e0 sa proximit\u00e9 g\u00e9ographique \u00ab <strong>lui permettant d\u2019obtenir des tarifs pr\u00e9f\u00e9rentiels de la part des fournisseurs<\/strong> \u00bb, mais aussi de \u00ab <strong>la possibilit\u00e9 d\u2019\u00e9vacuer des d\u00e9blais \u00e0 prix r\u00e9duit du fait d\u2019une communaut\u00e9 de dirigeant avec une autre soci\u00e9t\u00e9 \u00bb <\/strong>bas\u00e9e au Rheu. Malgr\u00e9 certaines justifications satisfaisantes, Rennes M\u00e9tropole n\u2019a cependant pas jug\u00e9 assez solide l\u2019ensemble de l\u2019argumentaire expliquant un tel \u00e9cart. L\u2019offre \u00e9cart\u00e9e, le march\u00e9 a finalement \u00e9t\u00e9 attribu\u00e9 \u00e0 une soci\u00e9t\u00e9 concurrente pour un montant de 805 435 \u20ac HT.<\/p>\n<p style=\"text-align: justify;\">Contestant cette d\u00e9cision, l\u2019entreprise de Bourgbarr\u00e9 a naturellement saisi le juge administratif, estimant que son \u00e9viction n\u2019\u00e9tait pas suffisamment motiv\u00e9e. Le jour de l\u2019audience, d\u00e9but aout, celle-ci s\u2019est d\u2019ailleurs \u00e9mu que \u00ab <strong>les motifs r\u00e9els du rejet de l\u2019offre aient \u00e9t\u00e9 communiqu\u00e9s seulement la veille de l\u2019audience<\/strong> \u00bb tout en faisant observer que \u00ab <strong>Rennes M\u00e9tropole est finalement revenue sur environ 75 % de ce qui a fond\u00e9 le rejet de l\u2019offre.<\/strong> \u00bb<\/p>\n<p style=\"text-align: justify;\">Mais la justice a bien confirm\u00e9 la position de Rennes M\u00e9tropole qui, selon les magistrat\u00b7es, n\u2019a commis aucune \u00ab<strong> erreur manifeste d\u2019appr\u00e9ciation en \u00e9cartant l\u2019offre en raison de son caract\u00e8re anormalement bas.<\/strong> \u00bb<\/p>\n<p class=\"light-gray  \" style=\"text-align: right;\"><strong>+ d\u20191fos <\/strong>(ou pas) : \u00e0 l\u2019heure o\u00f9 nous publions ces lignes, il n\u2019est pas encore \u00e9tabli si un appel sera interjet\u00e9.<\/p>\n<p><img loading=\"lazy\" decoding=\"async\" class=\"aligncenter  wp-image-126905\" src=\"https:\/\/www.europesays.com\/fr\/wp-content\/uploads\/2025\/04\/1744690338_453_Sans-titre.png\" alt=\"\" width=\"171\" height=\"52\"  \/><\/p>\n<p class=\"dark-gray \" style=\"text-align: center;\"><strong>Tous nos articles sur : Tribunal Administratif de Rennes<\/strong><\/p>\n","protected":false},"excerpt":{"rendered":"Sous l\u2019effet conjugu\u00e9 du d\u00e9sengagement de l\u2019\u00c9tat et des efforts suppl\u00e9mentaires impos\u00e9s par la derni\u00e8re loi de finances,&hellip;\n","protected":false},"author":2,"featured_media":323471,"comment_status":"","ping_status":"","sticky":false,"template":"","format":"standard","meta":{"footnotes":""},"categories":[2821],"tags":[1111,11,829,1777,674,1011,27,12,584,25],"class_list":{"0":"post-323470","1":"post","2":"type-post","3":"status-publish","4":"format-standard","5":"has-post-thumbnail","7":"category-rennes","8":"tag-actu","9":"tag-actualites","10":"tag-bretagne","11":"tag-eu","12":"tag-europe","13":"tag-fr","14":"tag-france","15":"tag-news","16":"tag-rennes","17":"tag-republique-francaise"},"share_on_mastodon":{"url":"https:\/\/pubeurope.com\/@fr\/115040099724737493","error":""},"_links":{"self":[{"href":"https:\/\/www.europesays.com\/fr\/wp-json\/wp\/v2\/posts\/323470","targetHints":{"allow":["GET"]}}],"collection":[{"href":"https:\/\/www.europesays.com\/fr\/wp-json\/wp\/v2\/posts"}],"about":[{"href":"https:\/\/www.europesays.com\/fr\/wp-json\/wp\/v2\/types\/post"}],"author":[{"embeddable":true,"href":"https:\/\/www.europesays.com\/fr\/wp-json\/wp\/v2\/users\/2"}],"replies":[{"embeddable":true,"href":"https:\/\/www.europesays.com\/fr\/wp-json\/wp\/v2\/comments?post=323470"}],"version-history":[{"count":0,"href":"https:\/\/www.europesays.com\/fr\/wp-json\/wp\/v2\/posts\/323470\/revisions"}],"wp:featuredmedia":[{"embeddable":true,"href":"https:\/\/www.europesays.com\/fr\/wp-json\/wp\/v2\/media\/323471"}],"wp:attachment":[{"href":"https:\/\/www.europesays.com\/fr\/wp-json\/wp\/v2\/media?parent=323470"}],"wp:term":[{"taxonomy":"category","embeddable":true,"href":"https:\/\/www.europesays.com\/fr\/wp-json\/wp\/v2\/categories?post=323470"},{"taxonomy":"post_tag","embeddable":true,"href":"https:\/\/www.europesays.com\/fr\/wp-json\/wp\/v2\/tags?post=323470"}],"curies":[{"name":"wp","href":"https:\/\/api.w.org\/{rel}","templated":true}]}}