{"id":323472,"date":"2025-08-16T19:29:12","date_gmt":"2025-08-16T19:29:12","guid":{"rendered":"https:\/\/www.europesays.com\/fr\/323472\/"},"modified":"2025-08-16T19:29:12","modified_gmt":"2025-08-16T19:29:12","slug":"pourquoi-le-ciel-se-teinte-dune-couleur-particuliere-a-rennes","status":"publish","type":"post","link":"https:\/\/www.europesays.com\/fr\/323472\/","title":{"rendered":"Pourquoi le ciel se teinte d\u2019une couleur particuli\u00e8re \u00e0 Rennes\u00a0?"},"content":{"rendered":"<p>Le thermom\u00e8tre affiche 32 degr\u00e9s \u00e0 Rennes selon M\u00e9t\u00e9o France. Pourtant, quand on l\u00e8ve les yeux, les rayons de soleil se font rares. Un voile d\u2019une teinte jaune, voire parfois orang\u00e9e, s\u2019est install\u00e9 depuis ce samedi 16 ao\u00fbt dans le ciel de la capitale bretonne.<\/p>\n<p>La raison de ce ph\u00e9nom\u00e8ne m\u00e9t\u00e9orologique ? Des incendies ont actuellement lieu au Portugal et en Espagne faisant remonter des fum\u00e9es jusque dans le ciel breton et provoquant cette teinte particuli\u00e8re, peut-on apprendre sur le compte de <a href=\"https:\/\/www.letelegramme.fr\/bretagne\/ces-attaques-sont-preparees-et-bien-ciblees-le-meteorologue-steven-tual-deplore-une-montee-en-puissance-des-climatosceptiques-sur-les-reseaux-sociaux-interview-6870478.php\" target=\"_blank\" rel=\"nofollow noopener\">Steven Tual<\/a>, m\u00e9t\u00e9orologue. \u00ab Les fum\u00e9es traversent le Golfe de Gascogne pour survoler la Bretagne cette apr\u00e8s-midi \u00bb, pr\u00e9cise le dirigeant de la soci\u00e9t\u00e9 Temps Breton.<\/p>\n<blockquote class=\"twitter-tweet\">\n<p lang=\"fr\" dir=\"ltr\"><a href=\"https:\/\/twitter.com\/hashtag\/Fum%C3%A9es?src=hash&amp;ref_src=twsrc%5Etfw\" rel=\"nofollow noopener\" target=\"_blank\">#Fum\u00e9es<\/a> \\u2601\\ufe0f\\ud83d\\udd25 De graves incendies touchent le Portugal depuis plusieurs jours (63 000 hectares br\u00fbl\u00e9s). Les fum\u00e9es traversent le Golfe de Gascogne pour survoler la Bretagne cette apr\u00e8s-midi.<br \/>\\ud83d\\udef0\\ufe0f EUMETSAT<a href=\"https:\/\/twitter.com\/hashtag\/Bretagne?src=hash&amp;ref_src=twsrc%5Etfw\" rel=\"nofollow noopener\" target=\"_blank\">#Bretagne<\/a><a href=\"https:\/\/t.co\/nZ8Uc5ZHlA\" rel=\"nofollow\">pic.twitter.com\/nZ8Uc5ZHlA<\/a><\/p>\n<p>\u2014 St\u00e9ven Tual (@StevenTual_off) <a href=\"https:\/\/twitter.com\/StevenTual_off\/status\/1956338285216669919?ref_src=twsrc%5Etfw\" rel=\"nofollow noopener\" target=\"_blank\">August 15, 2025<\/a><\/p><\/blockquote>\n<p>Un air d\u00e9grad\u00e9<\/p>\n<p>Une situation similaire fait \u00e9cho \u00e0 la situation du ciel rennais en d\u00e9but de semaine. En plus des fum\u00e9es venant d\u2019Espagne, Steven Tual expliquait alors que des particules de poussi\u00e8res, pr\u00e9sentes dans l\u2019air, trouvaient leur origine dans les vents qui venaient du Sahara \u00ab C\u2019est amplifi\u00e9 par le d\u00f4me de chaleur qui comprime l\u2019air sur la surface. \u00bb<\/p>\n<p>En raison de ces diff\u00e9rents ph\u00e9nom\u00e8nes, les relev\u00e9s d\u2019Air Breizh font \u00e9tat d\u2019un \u00e9tat de l\u2019air \u00ab d\u00e9grad\u00e9 \u00bb, dans la m\u00e9tropole rennaise.<\/p>\n<p><script async src=\"https:\/\/platform.twitter.com\/widgets.js\" charset=\"utf-8\"><\/script><\/p>\n","protected":false},"excerpt":{"rendered":"Le thermom\u00e8tre affiche 32 degr\u00e9s \u00e0 Rennes selon M\u00e9t\u00e9o France. Pourtant, quand on l\u00e8ve les yeux, les rayons&hellip;\n","protected":false},"author":2,"featured_media":323473,"comment_status":"","ping_status":"","sticky":false,"template":"","format":"standard","meta":{"footnotes":""},"categories":[2821],"tags":[1111,11,829,1777,674,1011,27,12,584,25],"class_list":{"0":"post-323472","1":"post","2":"type-post","3":"status-publish","4":"format-standard","5":"has-post-thumbnail","7":"category-rennes","8":"tag-actu","9":"tag-actualites","10":"tag-bretagne","11":"tag-eu","12":"tag-europe","13":"tag-fr","14":"tag-france","15":"tag-news","16":"tag-rennes","17":"tag-republique-francaise"},"share_on_mastodon":{"url":"https:\/\/pubeurope.com\/@fr\/115040103088639604","error":""},"_links":{"self":[{"href":"https:\/\/www.europesays.com\/fr\/wp-json\/wp\/v2\/posts\/323472","targetHints":{"allow":["GET"]}}],"collection":[{"href":"https:\/\/www.europesays.com\/fr\/wp-json\/wp\/v2\/posts"}],"about":[{"href":"https:\/\/www.europesays.com\/fr\/wp-json\/wp\/v2\/types\/post"}],"author":[{"embeddable":true,"href":"https:\/\/www.europesays.com\/fr\/wp-json\/wp\/v2\/users\/2"}],"replies":[{"embeddable":true,"href":"https:\/\/www.europesays.com\/fr\/wp-json\/wp\/v2\/comments?post=323472"}],"version-history":[{"count":0,"href":"https:\/\/www.europesays.com\/fr\/wp-json\/wp\/v2\/posts\/323472\/revisions"}],"wp:featuredmedia":[{"embeddable":true,"href":"https:\/\/www.europesays.com\/fr\/wp-json\/wp\/v2\/media\/323473"}],"wp:attachment":[{"href":"https:\/\/www.europesays.com\/fr\/wp-json\/wp\/v2\/media?parent=323472"}],"wp:term":[{"taxonomy":"category","embeddable":true,"href":"https:\/\/www.europesays.com\/fr\/wp-json\/wp\/v2\/categories?post=323472"},{"taxonomy":"post_tag","embeddable":true,"href":"https:\/\/www.europesays.com\/fr\/wp-json\/wp\/v2\/tags?post=323472"}],"curies":[{"name":"wp","href":"https:\/\/api.w.org\/{rel}","templated":true}]}}