{"id":323476,"date":"2025-08-16T19:32:25","date_gmt":"2025-08-16T19:32:25","guid":{"rendered":"https:\/\/www.europesays.com\/fr\/323476\/"},"modified":"2025-08-16T19:32:25","modified_gmt":"2025-08-16T19:32:25","slug":"un-derby-de-lest-entre-le-fc-metz-et-strasbourg-pour-debuter-en-ligue-1","status":"publish","type":"post","link":"https:\/\/www.europesays.com\/fr\/323476\/","title":{"rendered":"Un derby de l&rsquo;Est entre le FC Metz et Strasbourg pour d\u00e9buter en Ligue 1"},"content":{"rendered":"<p><strong>Le FC Metz re\u00e7oit le Racing Club de Strasbourg Alsace au stade Saint-Symphorien, ce dimanche (\u00e0 17h15), pour le compte de la premi\u00e8re journ\u00e9e de Ligue 1 McDonald\u2019s. Apr\u00e8s une pr\u00e9paration d\u00e9cevante, les Grenats seront attendus au tournant face au rival de l\u2019Est dans un contexte particulier. <\/strong><\/p>\n<p><strong>Le groupe du FC Metz <\/strong><\/p>\n<blockquote class=\"twitter-tweet\">\n<p lang=\"fr\" dir=\"ltr\"><a href=\"https:\/\/twitter.com\/hashtag\/FCMRCSA?src=hash&amp;ref_src=twsrc%5Etfw\" rel=\"nofollow noopener\" target=\"_blank\">#FCMRCSA<\/a> <\/p>\n<p>\ud83e\udee1 Le groupe pour la r\u00e9ception de <a href=\"https:\/\/twitter.com\/RCSA?ref_src=twsrc%5Etfw\" rel=\"nofollow noopener\" target=\"_blank\">@RCSA<\/a> \u2935\ufe0f<\/p>\n<p>\u2014 FC Metz \u2628 (@FCMetz) <a href=\"https:\/\/twitter.com\/FCMetz\/status\/1956785531138031951?ref_src=twsrc%5Etfw\" rel=\"nofollow noopener\" target=\"_blank\">August 16, 2025<\/a><\/p>\n<\/blockquote>\n<p>Les absents : Malick Mbaye (bless\u00e9), Joseph Mangondo (bless\u00e9), Gauthier Hein (suspendu)<\/p>\n<p><strong>Focus sur le Racing Club de Strasbourg<\/strong><\/p>\n<p>L\u2019\u00e9volution continue de prendre du c\u00f4t\u00e9 du Racing Club de Strasbourg. Alors que BlueCo est l\u2019actionnaire principal et propri\u00e9taire du club depuis juin 2023, les r\u00e9sultats sont en progression. Septi\u00e8me du dernier exercice, le RCSA jouera l\u2019Europe cette saison et a connu de nombreux bouleversements dans son effectif avec 100 millions d\u2019euros de transferts. De quoi surfer sur sa r\u00e9ussite face au FC Metz en championnat (cinq d\u00e9faites cons\u00e9cutives pour les Grenats en Ligue 1) ?<\/p>\n<p><strong>Les trois derniers matchs du Stade de Reims<\/strong><\/p>\n<ul class=\"wp-block-list\">\n<li>Amical \u2013 Mainz 05 2-1 Strasbourg<\/li>\n<li>Amical \u2013 Mainz 05 0-0 Strasbourg<\/li>\n<li>Amical \u2013 Sturm Graz 2-3 Strasbourg<\/li>\n<\/ul>\n<p><strong>La d\u00e9cla\u2019 en conf\u00e9rence de presse la premi\u00e8re journ\u00e9e de Ligue 1 McDonald\u2019s entre le FC Metz et le Racing Club de Strasbourg<\/strong><\/p>\n<p><strong>St\u00e9phane Le Mignan (entra\u00eeneur du FC Metz)\u00a0:<br \/><\/strong>\u00ab Depuis la mont\u00e9e \u00e0 Reims, on en est conscient : on sait qu\u2019il y a plusieurs niveaux dans ce championnat et Strasbourg fait partie des niveaux sup\u00e9rieurs. Ils l\u2019ont montr\u00e9 avec ce mercato ambitieux, ces tops joueurs. Il faudra \u00eatre \u00e0 la hauteur avec d\u2019autres arguments, des joueurs plus exp\u00e9riment\u00e9s et d\u2019autres qui vont d\u00e9couvrir la Ligue 1. \u00bb<\/p>\n<p><strong>Maxime Colin (d\u00e9fenseur du FC Metz)\u00a0:<\/strong><br \/>\u00ab\u00a0Il faudra \u00e9videmment monter un tout autre visage contre Strasbourg pour esp\u00e9rer quelque chose et faire preuve de force collective. La mont\u00e9e nous a rassembl\u00e9s et je suis persuad\u00e9 que nous r\u00e9ussirons \u00e0 monter le curseur. Cette semaine, l\u2019\u00e9tat d\u2019esprit a \u00e9t\u00e9 bon afin de repartir de l\u2019avant au plus vite.\u00a0\u00bb<\/p>\n<p><strong>Toute l\u2019actualit\u00e9 du\u00a0<a href=\"https:\/\/www.fcmetz.com\" target=\"_blank\" rel=\"noreferrer noopener nofollow\">FC Metz<\/a>\u00a0est \u00e0 retrouver dans le\u00a0<a href=\"https:\/\/moselle.tv\/sport\/graoully-mag\/\" target=\"_blank\" rel=\"noreferrer noopener nofollow\">Graoully Mag<\/a>, tous les lundis et les jeudis \u00e0 17h00 sur Moselle TV.<\/strong><\/p>\n<p><script async src=\"https:\/\/platform.twitter.com\/widgets.js\" charset=\"utf-8\"><\/script><\/p>\n","protected":false},"excerpt":{"rendered":"Le FC Metz re\u00e7oit le Racing Club de Strasbourg Alsace au stade Saint-Symphorien, ce dimanche (\u00e0 17h15), pour&hellip;\n","protected":false},"author":2,"featured_media":323477,"comment_status":"","ping_status":"","sticky":false,"template":"","format":"standard","meta":{"footnotes":""},"categories":[2820],"tags":[1111,11,1777,674,1011,27,775,12,25,640],"class_list":{"0":"post-323476","1":"post","2":"type-post","3":"status-publish","4":"format-standard","5":"has-post-thumbnail","7":"category-strasbourg","8":"tag-actu","9":"tag-actualites","10":"tag-eu","11":"tag-europe","12":"tag-fr","13":"tag-france","14":"tag-grand-est","15":"tag-news","16":"tag-republique-francaise","17":"tag-strasbourg"},"share_on_mastodon":{"url":"https:\/\/pubeurope.com\/@fr\/115040114661547924","error":""},"_links":{"self":[{"href":"https:\/\/www.europesays.com\/fr\/wp-json\/wp\/v2\/posts\/323476","targetHints":{"allow":["GET"]}}],"collection":[{"href":"https:\/\/www.europesays.com\/fr\/wp-json\/wp\/v2\/posts"}],"about":[{"href":"https:\/\/www.europesays.com\/fr\/wp-json\/wp\/v2\/types\/post"}],"author":[{"embeddable":true,"href":"https:\/\/www.europesays.com\/fr\/wp-json\/wp\/v2\/users\/2"}],"replies":[{"embeddable":true,"href":"https:\/\/www.europesays.com\/fr\/wp-json\/wp\/v2\/comments?post=323476"}],"version-history":[{"count":0,"href":"https:\/\/www.europesays.com\/fr\/wp-json\/wp\/v2\/posts\/323476\/revisions"}],"wp:featuredmedia":[{"embeddable":true,"href":"https:\/\/www.europesays.com\/fr\/wp-json\/wp\/v2\/media\/323477"}],"wp:attachment":[{"href":"https:\/\/www.europesays.com\/fr\/wp-json\/wp\/v2\/media?parent=323476"}],"wp:term":[{"taxonomy":"category","embeddable":true,"href":"https:\/\/www.europesays.com\/fr\/wp-json\/wp\/v2\/categories?post=323476"},{"taxonomy":"post_tag","embeddable":true,"href":"https:\/\/www.europesays.com\/fr\/wp-json\/wp\/v2\/tags?post=323476"}],"curies":[{"name":"wp","href":"https:\/\/api.w.org\/{rel}","templated":true}]}}