{"id":323493,"date":"2025-08-16T19:48:11","date_gmt":"2025-08-16T19:48:11","guid":{"rendered":"https:\/\/www.europesays.com\/fr\/323493\/"},"modified":"2025-08-16T19:48:11","modified_gmt":"2025-08-16T19:48:11","slug":"tres-decevants-a-rennes-les-olympiens-se-sont-ils-vus-trop-beaux","status":"publish","type":"post","link":"https:\/\/www.europesays.com\/fr\/323493\/","title":{"rendered":"tr\u00e8s d\u00e9cevants \u00e0 Rennes, les Olympiens se sont-ils vus trop beaux ?"},"content":{"rendered":"<p>Une salle, deux ambiances. Barom\u00e8tre de l&rsquo;humeur olympienne\u00a0? Facundo Medina. Priv\u00e9 de la grande rentr\u00e9e, il ne pouvait se r\u00e9soudre \u00e0 abandonner ses nouveaux \u00e9quipiers. Ainsi, vendredi, l&rsquo;Argentin suspendu a d\u00e9barqu\u00e9 au Roazhon Park. Calebasse \u00e0 mat\u00e9 en main, large sourire au visage, caresse sur le cr\u00e2ne poli d&rsquo;un photographe&#8230; \u00a0\u00bb Fac \u00a0\u00bb a fait le show en zone mixte, passage oblig\u00e9 vers le vestiaire marseillais. Le cabotin, \u00e0 l&rsquo;instar de l&rsquo;OM, l\u00e9vitait l&rsquo;esprit l\u00e9ger. \u00c0 en juger sa mine d\u00e9confite \u00e0 minuit, le retour sur terre fut brutal. Les oreilles d\u00e9bouch\u00e9es par le sermon de p\u00e8re De Zerbi, Medina \u00e9ructait son d\u00e9pit, tra\u00eenait devant les micros ses pieds.<\/p>\n<p>Avant de quitter la Bretagne joues et fesses rougies, tout allait pourtant si bien sur la plan\u00e8te Mars. L&rsquo;\u00e9t\u00e9 avait berc\u00e9 l&rsquo;OM et ses supporters. Un entra\u00eeneur et ses cadres qui rempilent, un d\u00e9but de mercato ambitieux (Egan-Riley, Gomes, Medina, Aubameyang, Paixao, Weah) et une pr\u00e9paration aux petits oignons ponctu\u00e9e par une f\u00eate populaire au Vel&rsquo; (3-1 face \u00e0 Aston Villa). Les pecs gonfl\u00e9s, l&rsquo;ego aussi boursoufl\u00e9, les Olympiens imaginaient lancer leur saison sans encombre. <a href=\"https:\/\/www.laprovence.com\/article\/om\/4120376282408514\/lom-battu-a-rennes-une-douche-froide-pour-commencer\" target=\"_blank\" rel=\"noopener\">Valentin Rongier et les Rennais, en inf\u00e9riorit\u00e9 num\u00e9rique plus d&rsquo;une heure, leur ont rappel\u00e9 une r\u00e9alit\u00e9.<\/a> Tout n&rsquo;est pas encore rose dans la maison ciel et blanc.<\/p>\n<p>De Zerbi, la piq\u00fbre de rappel<\/p>\n<p>\u00ab\u00a0Il n&rsquo;y avait rien \u00e0 dire \u00e0 mes joueurs, les murs n&rsquo;ont pas trembl\u00e9\u00a0\u00bb. Roberto De Zerbi a \u00e9lud\u00e9 le d\u00e9briefing d&rsquo;apr\u00e8s-match avec ses hommes en conf\u00e9rence de presse, vendredi, apr\u00e8s la victoire sur le fil de Rennes (1-0). \u00ab\u00a0Dans le vestiaire, le coach a parl\u00e9 avec passion\u00a0\u00bb, le contredisait toutefois Timothy Weah quelques minutes plus tard, sans pouvoir masquer les frictions qui ont \u00e9maill\u00e9 le groupe et sont parvenues jusqu&rsquo;aux oreilles des journalistes. L&rsquo;essentiel n&rsquo;est pas l\u00e0, ni m\u00eame de savoir quel membre de l&rsquo;OM devisait sur la taille des alibofis n\u00e9cessaire pour pouvoir pr\u00e9tendre \u00e0 porter le maillot de l&rsquo;Olympique de Marseille. <a href=\"https:\/\/www.laprovence.com\/article\/om\/14321932086562\/om-ce-but-stupide-ca-menerve-deplore-de-zerbi-apres-la-defaite-a-rennes\" target=\"_blank\" rel=\"noopener\">En col\u00e8re apr\u00e8s \u00ab\u00a0le but stupide\u00a0\u00bb encaiss\u00e9 par ses prot\u00e9g\u00e9s<\/a>, d\u00e9pit\u00e9 de voir certains manques qu&rsquo;il pensait gomm\u00e9s, l&rsquo;entra\u00eeneur lombard faisait grise mine dans les entrailles du Roazhon Park. Loin, tr\u00e8s loin des images l\u00e9ch\u00e9es de la s\u00e9rie documentaire retra\u00e7ant la saison derni\u00e8re, diffus\u00e9e sur YouTube, m\u00eame si cela fera un bel \u00e9pisode pour le prochain opus.<\/p>\n","protected":false},"excerpt":{"rendered":"Une salle, deux ambiances. Barom\u00e8tre de l&rsquo;humeur olympienne\u00a0? Facundo Medina. Priv\u00e9 de la grande rentr\u00e9e, il ne pouvait&hellip;\n","protected":false},"author":2,"featured_media":323494,"comment_status":"","ping_status":"","sticky":false,"template":"","format":"standard","meta":{"footnotes":""},"categories":[2814],"tags":[17,1111,11,46081,1777,674,1011,27,151,884,12,12072,149,882,584,25,33929,933],"class_list":{"0":"post-323493","1":"post","2":"type-post","3":"status-publish","4":"format-standard","5":"has-post-thumbnail","7":"category-marseille","8":"tag-17","9":"tag-actu","10":"tag-actualites","11":"tag-decevants","12":"tag-eu","13":"tag-europe","14":"tag-fr","15":"tag-france","16":"tag-les","17":"tag-marseille","18":"tag-news","19":"tag-olympiens","20":"tag-om","21":"tag-provence-alpes-cote-dazur","22":"tag-rennes","23":"tag-republique-francaise","24":"tag-sont-ils","25":"tag-tres"},"share_on_mastodon":{"url":"https:\/\/pubeurope.com\/@fr\/115040177604800323","error":""},"_links":{"self":[{"href":"https:\/\/www.europesays.com\/fr\/wp-json\/wp\/v2\/posts\/323493","targetHints":{"allow":["GET"]}}],"collection":[{"href":"https:\/\/www.europesays.com\/fr\/wp-json\/wp\/v2\/posts"}],"about":[{"href":"https:\/\/www.europesays.com\/fr\/wp-json\/wp\/v2\/types\/post"}],"author":[{"embeddable":true,"href":"https:\/\/www.europesays.com\/fr\/wp-json\/wp\/v2\/users\/2"}],"replies":[{"embeddable":true,"href":"https:\/\/www.europesays.com\/fr\/wp-json\/wp\/v2\/comments?post=323493"}],"version-history":[{"count":0,"href":"https:\/\/www.europesays.com\/fr\/wp-json\/wp\/v2\/posts\/323493\/revisions"}],"wp:featuredmedia":[{"embeddable":true,"href":"https:\/\/www.europesays.com\/fr\/wp-json\/wp\/v2\/media\/323494"}],"wp:attachment":[{"href":"https:\/\/www.europesays.com\/fr\/wp-json\/wp\/v2\/media?parent=323493"}],"wp:term":[{"taxonomy":"category","embeddable":true,"href":"https:\/\/www.europesays.com\/fr\/wp-json\/wp\/v2\/categories?post=323493"},{"taxonomy":"post_tag","embeddable":true,"href":"https:\/\/www.europesays.com\/fr\/wp-json\/wp\/v2\/tags?post=323493"}],"curies":[{"name":"wp","href":"https:\/\/api.w.org\/{rel}","templated":true}]}}