{"id":323497,"date":"2025-08-16T19:51:41","date_gmt":"2025-08-16T19:51:41","guid":{"rendered":"https:\/\/www.europesays.com\/fr\/323497\/"},"modified":"2025-08-16T19:51:41","modified_gmt":"2025-08-16T19:51:41","slug":"mikautadze-descamps-et-les-reactions-apres-lens-lyon-0-1","status":"publish","type":"post","link":"https:\/\/www.europesays.com\/fr\/323497\/","title":{"rendered":"Mikautadze, Descamps et les r\u00e9actions apr\u00e8s Lens &#8211; Lyon (0-1)"},"content":{"rendered":"<p>L\u2019Olympique Lyonnais affrontait le RC Lens, samedi, \u00e0 l\u2019occasion de la premi\u00e8re journ\u00e9e de Ligue 1. <a href=\"https:\/\/www.goal.com\/fr\/listes\/l-ol-dompte-lens-et-demarre-sur-de-bons-rails-0-1\/bltbef23467050fa982\" target=\"_self\" rel=\"noopener\">Un choc qui a tourn\u00e9 \u00e0 l\u2019avantage des Gones qui se sont impos\u00e9s sur la plus courte des marges gr\u00e2ce \u00e0 un but de Georges Mikautadze (0-1)<\/a>. Ce dernier, justement, n\u2019a pas masqu\u00e9 sa joie apr\u00e8s le coup de sifflet final, \u00e0 l\u2019instar de R\u00e9my Descamps, imp\u00e9rial sur sa ligne face aux Sang et Or.<\/p>\n<p>Recommended external contentVideoWe need your consent to show you content our Editorial team embedded from Video. You can toggle this (and all other embeds from Video across goal.com) on with one click only and deactivate as well.Always display Video contentI confirm that I would like to see external content. Personal identifiable data could be transferred to Third parties. <a href=\"https:\/\/www.goal.com\/fr\/l%C3%A9gal\/politique-priv%C3%A9e\" target=\"_blank\" rel=\"noreferrer noopener\">Read more about it in our privacy policy<\/a>.<\/p>\n","protected":false},"excerpt":{"rendered":"L\u2019Olympique Lyonnais affrontait le RC Lens, samedi, \u00e0 l\u2019occasion de la premi\u00e8re journ\u00e9e de Ligue 1. Un choc&hellip;\n","protected":false},"author":2,"featured_media":323498,"comment_status":"","ping_status":"","sticky":false,"template":"","format":"standard","meta":{"footnotes":""},"categories":[1889],"tags":[1111,11,2430,1777,674,1011,27,46082,4253,45968,66,2428,46084,12,46085,46083,25],"class_list":{"0":"post-323497","1":"post","2":"type-post","3":"status-publish","4":"format-standard","5":"has-post-thumbnail","7":"category-lyon","8":"tag-actu","9":"tag-actualites","10":"tag-auvergne-rhone-alpes","11":"tag-eu","12":"tag-europe","13":"tag-fr","14":"tag-france","15":"tag-g-mikautadze","16":"tag-lens","17":"tag-lens-vs-lyon","18":"tag-ligue-1","19":"tag-lyon","20":"tag-m-sarr","21":"tag-news","22":"tag-p-sage","23":"tag-r-descamps","24":"tag-republique-francaise"},"share_on_mastodon":{"url":"https:\/\/pubeurope.com\/@fr\/115040189303702359","error":""},"_links":{"self":[{"href":"https:\/\/www.europesays.com\/fr\/wp-json\/wp\/v2\/posts\/323497","targetHints":{"allow":["GET"]}}],"collection":[{"href":"https:\/\/www.europesays.com\/fr\/wp-json\/wp\/v2\/posts"}],"about":[{"href":"https:\/\/www.europesays.com\/fr\/wp-json\/wp\/v2\/types\/post"}],"author":[{"embeddable":true,"href":"https:\/\/www.europesays.com\/fr\/wp-json\/wp\/v2\/users\/2"}],"replies":[{"embeddable":true,"href":"https:\/\/www.europesays.com\/fr\/wp-json\/wp\/v2\/comments?post=323497"}],"version-history":[{"count":0,"href":"https:\/\/www.europesays.com\/fr\/wp-json\/wp\/v2\/posts\/323497\/revisions"}],"wp:featuredmedia":[{"embeddable":true,"href":"https:\/\/www.europesays.com\/fr\/wp-json\/wp\/v2\/media\/323498"}],"wp:attachment":[{"href":"https:\/\/www.europesays.com\/fr\/wp-json\/wp\/v2\/media?parent=323497"}],"wp:term":[{"taxonomy":"category","embeddable":true,"href":"https:\/\/www.europesays.com\/fr\/wp-json\/wp\/v2\/categories?post=323497"},{"taxonomy":"post_tag","embeddable":true,"href":"https:\/\/www.europesays.com\/fr\/wp-json\/wp\/v2\/tags?post=323497"}],"curies":[{"name":"wp","href":"https:\/\/api.w.org\/{rel}","templated":true}]}}