{"id":323499,"date":"2025-08-16T19:55:18","date_gmt":"2025-08-16T19:55:18","guid":{"rendered":"https:\/\/www.europesays.com\/fr\/323499\/"},"modified":"2025-08-16T19:55:18","modified_gmt":"2025-08-16T19:55:18","slug":"des-records-de-temperatures-battus-dans-la-nuit-de-vendredi-a-samedi-dans-plusieurs-villes-francaises-selon-meteo-france","status":"publish","type":"post","link":"https:\/\/www.europesays.com\/fr\/323499\/","title":{"rendered":"des records de temp\u00e9ratures battus dans la nuit de vendredi \u00e0 samedi dans plusieurs villes fran\u00e7aises, selon M\u00e9t\u00e9o-France"},"content":{"rendered":"\n<p class=\"c-chapo \">\n  Le pr\u00e9visionniste a relev\u00e9 des temp\u00e9ratures comprises entre 23,2 et 27,8\u00b0C dans plusieurs villes de la fa\u00e7ade atlantique et du pourtour m\u00e9diterran\u00e9en.\n<\/p>\n<p>            lire plus tard<\/p>\n<p id=\"dialog__title\" class=\"dialog__title\">Pour sauvegarder cet article, connectez-vous ou cr\u00e9ez un compte franceinfo<\/p>\n<p class=\"dialog__description\">Sans paiement. Sans abonnement.<\/p>\n<p>        Fermer la fen\u00eatre d\u2019activation des notifications France Info<\/p>\n<p>            cr\u00e9er votre compte<\/p>\n<p>            se connecter<\/p>\n<p>        Fermer la fen\u00eatre de pr\u00e9sentation<\/p>\n<p>    <img loading=\"lazy\" decoding=\"async\" class=\"signature__image lazyload\" width=\"100\" height=\"100\" data- alt=\"\" src=\"https:\/\/www.europesays.com\/fr\/wp-content\/uploads\/2025\/06\/64a55fd777de4_placeholder-36b69ec8.png\"\/><\/p>\n<p>    Publi\u00e9 le 16\/08\/2025 20:27<\/p>\n<p>      Mis \u00e0 jour le 16\/08\/2025 20:27<\/p>\n<p>        Temps de lecture : 2min<\/p>\n<p>    <img decoding=\"async\"  alt=\"Un ventilateur dispos\u00e9 \u00e0 c\u00f4t\u00e9 d'un lit, le 18 juillet 2022 \u00e0 Montaigu-Vend\u00e9e (Vend\u00e9e). (MATHIEU THOMASSET \/ HANS LUCAS \/ AFP)\" width=\"432\" height=\"243\" src=\"https:\/\/www.europesays.com\/fr\/wp-content\/uploads\/2025\/08\/080-hl-mthomasset-2848843-68a0cb4eb464c590953937.jpg\" fetchpriority=\"high\"\/><\/p>\n<p>      Un ventilateur dispos\u00e9 \u00e0 c\u00f4t\u00e9 d&rsquo;un lit, le 18 juillet 2022 \u00e0 Montaigu-Vend\u00e9e (Vend\u00e9e). (MATHIEU THOMASSET \/ HANS LUCAS \/ AFP)<\/p>\n<p>Une large partie de la France continue de suffoquer, de jour comme de nuit, <a href=\"https:\/\/www.franceinfo.fr\/environnement\/evenements-meteorologiques-extremes\/vagues-de-chaleur-canicules\/vague-de-chaleur-54-departements-toujours-en-vigilance-orange-ce-samedi-avant-une-amelioration-attendue_7438099.html\" rel=\"nofollow noopener\" target=\"_blank\">avant une am\u00e9lioration \u00e0 venir<\/a>. Samedi 16 ao\u00fbt, M\u00e9t\u00e9o-France a publi\u00e9 les temp\u00e9ratures relev\u00e9es dans la nuit de vendredi \u00e0 samedi, apr\u00e8s une journ\u00e9e de vendredi particuli\u00e8rement chaude, o\u00f9 \u00ab\u00a0les 40\u00b0C ont de nouveau \u00e9t\u00e9 atteints ou d\u00e9pass\u00e9s sur une large partie de l\u2019Hexagone, particuli\u00e8rement dans les r\u00e9gions allant du Languedoc \u00e0 la Nouvelle-Aquitaine\u00a0\u00bb, \u00e9crit le pr\u00e9visionniste dans <a href=\"https:\/\/meteofrance.com\/actualites-et-dossiers\/actualites\/vague-de-chaleur-feux-aout2025\" target=\"_blank\" rel=\"noopener nofollow\">un bulletin<\/a>. Ainsi, 41 \u00b0C ont \u00e9t\u00e9 relev\u00e9s \u00e0 Montarnaud (H\u00e9rault), 40,9 \u00b0C \u00e0 Bergerac (Dordogne), 40,5 \u00b0C \u00e0 Castelsarrasin (Tarn-et-Garonne) et 40,2 \u00b0C \u00e0 Carcassonne (Aude).<\/p>\n<p>Les temp\u00e9ratures sont rest\u00e9es tr\u00e8s \u00e9lev\u00e9es dans la nuit de vendredi \u00e0 samedi, qui \u00ab\u00a0a \u00e9t\u00e9 particuli\u00e8rement chaude avec des minimales \u00e9lev\u00e9es sur les trois quarts sud du pays\u00a0\u00bb, poursuit M\u00e9t\u00e9o-France. Plusieurs records ont \u00e9t\u00e9 battus : 23,7\u00b0C ont \u00e9t\u00e9 enregistr\u00e9s \u00e0 La Roche-sur-Yon (Vend\u00e9e), o\u00f9 la valeur la plus \u00e9lev\u00e9e jamais enregistr\u00e9e, de 23,3\u00b0C, datait de juillet 2022. A Narbonne (Aude), il a fait 26,7\u00b0C, d\u00e9passant ainsi le pr\u00e9c\u00e9dent record\u00a0 datant de la canicule de 2003 (27,3\u00b0C). Le thermom\u00e8tre a atteint 26,7\u00b0C \u00e0 Pujaut (Gard), 24,6\u00b0C \u00e0 Matha (Charente-Maritime) o\u00f9 le pr\u00e9c\u00e9dent record de 24\u00b0C avait \u00e9t\u00e9 enregistr\u00e9 en 1971. Des records ont aussi \u00e9t\u00e9 relev\u00e9s \u00e0 Noirmoutier (Vend\u00e9e, 23,2\u00b0C), \u00e0 Tusson (Charente, 23,5\u00b0C) et Saint-Martial-Viveyrol (Dordogne, 24,7\u00b0C).\u00a0<\/p>\n<p>\u00ab\u00a0La nuit de samedi \u00e0 dimanche s\u2019annonce \u00e0 nouveau tr\u00e8s chaude de la fa\u00e7ade atlantique au sud du pays, avec des minimales atteignant encore les 20\u00b0C en Bretagne sud, et les 25 \u00b0C pr\u00e8s de la M\u00e9diterran\u00e9e\u00a0\u00bb, pr\u00e9vient encore M\u00e9t\u00e9o-France. Les temp\u00e9ratures diminueront \u00ab\u00a0en cours de journ\u00e9e dimanche\u00a0\u00bb, \u00ab\u00a0malgr\u00e9 la persistance de tr\u00e8s fortes chaleurs avec 35 \u00e0 37 \u00b0C du sud-ouest au sud-est\u00a0\u00bb. Des orages sont attendus \u00e0 partir de lundi.<\/p>\n","protected":false},"excerpt":{"rendered":"Le pr\u00e9visionniste a relev\u00e9 des temp\u00e9ratures comprises entre 23,2 et 27,8\u00b0C dans plusieurs villes de la fa\u00e7ade atlantique&hellip;\n","protected":false},"author":2,"featured_media":323500,"comment_status":"","ping_status":"","sticky":false,"template":"","format":"standard","meta":{"footnotes":""},"categories":[1888],"tags":[1111,1928,11,1927,1777,674,1011,27,12,1926,626,1925,25],"class_list":{"0":"post-323499","1":"post","2":"type-post","3":"status-publish","4":"format-standard","5":"has-post-thumbnail","7":"category-paris","8":"tag-actu","9":"tag-actu-paris","10":"tag-actualites","11":"tag-actualites-paris","12":"tag-eu","13":"tag-europe","14":"tag-fr","15":"tag-france","16":"tag-news","17":"tag-news-paris","18":"tag-paris","19":"tag-paris-news","20":"tag-republique-francaise"},"share_on_mastodon":{"url":"https:\/\/pubeurope.com\/@fr\/115040206369689157","error":""},"_links":{"self":[{"href":"https:\/\/www.europesays.com\/fr\/wp-json\/wp\/v2\/posts\/323499","targetHints":{"allow":["GET"]}}],"collection":[{"href":"https:\/\/www.europesays.com\/fr\/wp-json\/wp\/v2\/posts"}],"about":[{"href":"https:\/\/www.europesays.com\/fr\/wp-json\/wp\/v2\/types\/post"}],"author":[{"embeddable":true,"href":"https:\/\/www.europesays.com\/fr\/wp-json\/wp\/v2\/users\/2"}],"replies":[{"embeddable":true,"href":"https:\/\/www.europesays.com\/fr\/wp-json\/wp\/v2\/comments?post=323499"}],"version-history":[{"count":0,"href":"https:\/\/www.europesays.com\/fr\/wp-json\/wp\/v2\/posts\/323499\/revisions"}],"wp:featuredmedia":[{"embeddable":true,"href":"https:\/\/www.europesays.com\/fr\/wp-json\/wp\/v2\/media\/323500"}],"wp:attachment":[{"href":"https:\/\/www.europesays.com\/fr\/wp-json\/wp\/v2\/media?parent=323499"}],"wp:term":[{"taxonomy":"category","embeddable":true,"href":"https:\/\/www.europesays.com\/fr\/wp-json\/wp\/v2\/categories?post=323499"},{"taxonomy":"post_tag","embeddable":true,"href":"https:\/\/www.europesays.com\/fr\/wp-json\/wp\/v2\/tags?post=323499"}],"curies":[{"name":"wp","href":"https:\/\/api.w.org\/{rel}","templated":true}]}}